{"id":57445,"date":"2020-10-14T10:01:00","date_gmt":"2020-10-14T13:01:00","guid":{"rendered":"http:\/\/progepe.ufpr.br\/portal\/?post_type=portarias&#038;p=57445"},"modified":"2023-08-03T12:58:45","modified_gmt":"2023-08-03T15:58:45","slug":"progepe-2020-02959","status":"publish","type":"post","link":"https:\/\/progepe.ufpr.br\/portarias\/progepe-2020-02959\/","title":{"rendered":"PORTARIA N\u00ba 02959\/PROGEPE, DE 14 DE OUTUBRO DE 2020"},"content":{"rendered":"\n<p><strong>A Pr\u00f3-Reitora de Gest\u00e3o de Pessoas da UFPR<\/strong>, <strong>em exerc\u00edcio, <\/strong>no uso de suas atribui\u00e7\u00f5es, que lhe confere ato normativo Portaria n. 2.590\/REITORIA, de 26 de setembro de 1997 e considerando o disposto em ATO DE CONCESS\u00c3O n\u00ba 136 de 30\/03\/2020, <\/p>\n\n\n\n<p>RESOLVE: <\/p>\n\n\n\n<p>Conceder o adicional ocupacional conforme listado\npara os servidores que atuaram nas unidades de tratamento exclusivo da COVID,\ntendo em vista: a) Processo: 23075.055141\/2020-43; e, b) Parecer T\u00e9cnico COVID:\n52\/2020-UST.<\/p>\n\n\n\n<p>SERVIDOR: SIRLENE RIBAS DE LIMA. CARGO: AUXILIAR DE\nENFERMAGEM. LOTA\u00c7\u00c3O: 732 &#8211; HC\/DAS &#8211; SERVI\u00c7O DE ENDOSCOPIA DIGESTIVA. ADICIONAL:\nINSALUBRIDADE GRAU M\u00c1XIMO. IN\u00cdCIO CONCESS\u00c3O : 01\/10\/2020.<\/p>\n\n\n\n<p>SERVIDOR: SERGIO DO AMARAL DERGINT. CARGO: M\u00c9DICO &#8211;\n\u00c1REA. LOTA\u00c7\u00c3O: 732 &#8211; HC\/DAS &#8211; SERVI\u00c7O DE ENDOSCOPIA DIGESTIVA. ADICIONAL:\nINSALUBRIDADE GRAU M\u00c1XIMO. IN\u00cdCIO CONCESS\u00c3O : 01\/10\/2020.<\/p>\n\n\n\n<p>SERVIDOR: LUSIA APARECIDA PEREIRA. CARGO: AUXILIAR\nDE ENFERMAGEM. LOTA\u00c7\u00c3O: 732 &#8211; HC\/DAS &#8211; SERVI\u00c7O DE ENDOSCOPIA DIGESTIVA.\nADICIONAL: INSALUBRIDADE GRAU M\u00c1XIMO. IN\u00cdCIO CONCESS\u00c3O : 01\/10\/2020.<\/p>\n\n\n\n<p>SERVIDOR: ROSANA ZANOTELLI RODRIGUES. CARGO:\nT\u00c9CNICO EM ENFERMAGEM. LOTA\u00c7\u00c3O: 732 &#8211; HC\/DAS &#8211; SERVI\u00c7O DE ENDOSCOPIA DIGESTIVA.\nADICIONAL: INSALUBRIDADE GRAU M\u00c1XIMO. IN\u00cdCIO CONCESS\u00c3O : 01\/10\/2020.<\/p>\n\n\n\n<p>SERVIDOR: ANA PAULA TERRA DA SILVA. CARGO: AUXILIAR\nDE ENFERMAGEM. LOTA\u00c7\u00c3O: 732 &#8211; HC\/DAS &#8211; SERVI\u00c7O DE ENDOSCOPIA DIGESTIVA.\nADICIONAL: INSALUBRIDADE GRAU M\u00c1XIMO. IN\u00cdCIO CONCESS\u00c3O : 01\/10\/2020.<\/p>\n\n\n\n<p>SERVIDOR: DANIELE HOFFMANN DE MATTOS. CARGO:\nT\u00c9CNICO EM ENFERMAGEM. LOTA\u00c7\u00c3O: 732 &#8211; HC\/DAS &#8211; SERVI\u00c7O DE ENDOSCOPIA DIGESTIVA.\nADICIONAL: INSALUBRIDADE GRAU M\u00c1XIMO. IN\u00cdCIO CONCESS\u00c3O : 01\/10\/2020.<\/p>\n\n\n\n<p>SERVIDOR: CLAUDIA REGINA KOGI DIOGO. CARGO:\nAUXILIAR DE ENFERMAGEM. LOTA\u00c7\u00c3O: 732 &#8211; HC\/DAS &#8211; SERVI\u00c7O DE ENDOSCOPIA\nDIGESTIVA. ADICIONAL: INSALUBRIDADE GRAU M\u00c1XIMO. IN\u00cdCIO CONCESS\u00c3O : 01\/10\/2020.<\/p>\n\n\n\n<p style=\"text-align:right\"><strong>LANIA VIRGINIA BUSNELLO VAZ<\/strong><\/p>\n","protected":false},"excerpt":{"rendered":"<p>A Pr\u00f3-Reitora de Gest\u00e3o de Pessoas da UFPR, em exerc\u00edcio, no uso de suas atribui\u00e7\u00f5es, que lhe confere ato normativo Portaria n. 2.590\/REITORIA, de 26 de setembro de 1997 e considerando o disposto em ATO DE CONCESS\u00c3O n\u00ba 136 de 30\/03\/2020, RESOLVE: Conceder o adicional ocupacional conforme listado para os servidores que atuaram nas unidades [&hellip;]<\/p>\n","protected":false},"author":50,"featured_media":0,"comment_status":"closed","ping_status":"closed","sticky":false,"template":"","format":"standard","meta":{"_acf_changed":false,"iawp_total_views":1,"footnotes":""},"categories":[116],"tags":[139],"class_list":["post-57445","post","type-post","status-publish","format-standard","hentry","category-progepe","tag-adicional"],"acf":[],"_links":{"self":[{"href":"https:\/\/progepe.ufpr.br\/portarias\/wp-json\/wp\/v2\/posts\/57445","targetHints":{"allow":["GET"]}}],"collection":[{"href":"https:\/\/progepe.ufpr.br\/portarias\/wp-json\/wp\/v2\/posts"}],"about":[{"href":"https:\/\/progepe.ufpr.br\/portarias\/wp-json\/wp\/v2\/types\/post"}],"author":[{"embeddable":true,"href":"https:\/\/progepe.ufpr.br\/portarias\/wp-json\/wp\/v2\/users\/50"}],"replies":[{"embeddable":true,"href":"https:\/\/progepe.ufpr.br\/portarias\/wp-json\/wp\/v2\/comments?post=57445"}],"version-history":[{"count":1,"href":"https:\/\/progepe.ufpr.br\/portarias\/wp-json\/wp\/v2\/posts\/57445\/revisions"}],"predecessor-version":[{"id":196068,"href":"https:\/\/progepe.ufpr.br\/portarias\/wp-json\/wp\/v2\/posts\/57445\/revisions\/196068"}],"wp:attachment":[{"href":"https:\/\/progepe.ufpr.br\/portarias\/wp-json\/wp\/v2\/media?parent=57445"}],"wp:term":[{"taxonomy":"category","embeddable":true,"href":"https:\/\/progepe.ufpr.br\/portarias\/wp-json\/wp\/v2\/categories?post=57445"},{"taxonomy":"post_tag","embeddable":true,"href":"https:\/\/progepe.ufpr.br\/portarias\/wp-json\/wp\/v2\/tags?post=57445"}],"curies":[{"name":"wp","href":"https:\/\/api.w.org\/{rel}","templated":true}]}}