{"id":57453,"date":"2020-10-14T10:03:00","date_gmt":"2020-10-14T13:03:00","guid":{"rendered":"http:\/\/progepe.ufpr.br\/portal\/?post_type=portarias&#038;p=57453"},"modified":"2023-08-03T12:58:45","modified_gmt":"2023-08-03T15:58:45","slug":"progepe-2020-02961","status":"publish","type":"post","link":"https:\/\/progepe.ufpr.br\/portarias\/progepe-2020-02961\/","title":{"rendered":"PORTARIA N\u00ba 02961\/PROGEPE, DE 14 DE OUTUBRO DE 2020"},"content":{"rendered":"\n<p><strong>A\u00a0Pr\u00f3-Reitora de Gest\u00e3o de Pessoas da Universidade Federal do Paran\u00e1, em exerc\u00edcio,\u00a0<\/strong>no uso de suas atribui\u00e7\u00f5es e considerando o que consta no processo n\u00ba\u00a0 23075.050565\/2020-11, <\/p>\n\n\n\n<p>RESOLVE: <\/p>\n\n\n\n<p>Retificar a Portaria n\u00ba 2892\/PROGEPE, de 08 de\noutubro de 2020, que concedeu &nbsp;promo\u00e7\u00e3o funcional \u00e0 servidora VICTORIA\nZEGHBI COCHENSKI BORBA &#8211; 1800353:<\/p>\n\n\n\n<p>Onde se L\u00ea: &#8230;, conforme parecer da CPPD na\navalia\u00e7\u00e3o de desempenho, a partir de 11 de setembro de 2020. II. A progress\u00e3o\nsubsequente ser\u00e1 a partir de 11 de setembro de 2022, conforme o \u00a72 do artigo 4\u00ba\nda resolu\u00e7\u00e3o 10\/14.<\/p>\n\n\n\n<p>Leia-se:&nbsp; &#8230;, conforme parecer da CPPD na\navalia\u00e7\u00e3o de desempenho, a partir de 11 de setembro de 2019. II. A progress\u00e3o\nsubsequente ser\u00e1 a partir de 11 de setembro de 2021, conforme o \u00a72 do artigo 4\u00ba\nda resolu\u00e7\u00e3o 10\/14.<\/p>\n\n\n\n<p style=\"text-align:right\"><strong>LANIA VIRGINIA BUSNELLO VAZ<\/strong><\/p>\n","protected":false},"excerpt":{"rendered":"<p>A\u00a0Pr\u00f3-Reitora de Gest\u00e3o de Pessoas da Universidade Federal do Paran\u00e1, em exerc\u00edcio,\u00a0no uso de suas atribui\u00e7\u00f5es e considerando o que consta no processo n\u00ba\u00a0 23075.050565\/2020-11, RESOLVE: Retificar a Portaria n\u00ba 2892\/PROGEPE, de 08 de outubro de 2020, que concedeu &nbsp;promo\u00e7\u00e3o funcional \u00e0 servidora VICTORIA ZEGHBI COCHENSKI BORBA &#8211; 1800353: Onde se L\u00ea: &#8230;, conforme parecer [&hellip;]<\/p>\n","protected":false},"author":50,"featured_media":0,"comment_status":"closed","ping_status":"closed","sticky":false,"template":"","format":"standard","meta":{"_acf_changed":false,"iawp_total_views":0,"footnotes":""},"categories":[116],"tags":[143],"class_list":["post-57453","post","type-post","status-publish","format-standard","hentry","category-progepe","tag-progressao-promocao"],"acf":[],"_links":{"self":[{"href":"https:\/\/progepe.ufpr.br\/portarias\/wp-json\/wp\/v2\/posts\/57453","targetHints":{"allow":["GET"]}}],"collection":[{"href":"https:\/\/progepe.ufpr.br\/portarias\/wp-json\/wp\/v2\/posts"}],"about":[{"href":"https:\/\/progepe.ufpr.br\/portarias\/wp-json\/wp\/v2\/types\/post"}],"author":[{"embeddable":true,"href":"https:\/\/progepe.ufpr.br\/portarias\/wp-json\/wp\/v2\/users\/50"}],"replies":[{"embeddable":true,"href":"https:\/\/progepe.ufpr.br\/portarias\/wp-json\/wp\/v2\/comments?post=57453"}],"version-history":[{"count":1,"href":"https:\/\/progepe.ufpr.br\/portarias\/wp-json\/wp\/v2\/posts\/57453\/revisions"}],"predecessor-version":[{"id":196070,"href":"https:\/\/progepe.ufpr.br\/portarias\/wp-json\/wp\/v2\/posts\/57453\/revisions\/196070"}],"wp:attachment":[{"href":"https:\/\/progepe.ufpr.br\/portarias\/wp-json\/wp\/v2\/media?parent=57453"}],"wp:term":[{"taxonomy":"category","embeddable":true,"href":"https:\/\/progepe.ufpr.br\/portarias\/wp-json\/wp\/v2\/categories?post=57453"},{"taxonomy":"post_tag","embeddable":true,"href":"https:\/\/progepe.ufpr.br\/portarias\/wp-json\/wp\/v2\/tags?post=57453"}],"curies":[{"name":"wp","href":"https:\/\/api.w.org\/{rel}","templated":true}]}}