{"id":57535,"date":"2020-10-15T10:18:00","date_gmt":"2020-10-15T13:18:00","guid":{"rendered":"http:\/\/progepe.ufpr.br\/portal\/?post_type=portarias&#038;p=57535"},"modified":"2023-08-03T12:58:48","modified_gmt":"2023-08-03T15:58:48","slug":"progepe-2020-02988","status":"publish","type":"post","link":"https:\/\/progepe.ufpr.br\/portarias\/progepe-2020-02988\/","title":{"rendered":"PORTARIA N\u00ba 02988\/PROGEPE, DE 15 DE OUTUBRO DE 2020"},"content":{"rendered":"\n<p><strong>A Pr\u00f3-Reitora de Gest\u00e3o de Pessoas da Universidade Federal do Paran\u00e1 em\nexerc\u00edcio,<\/strong> no uso de suas atribui\u00e7\u00f5es, tendo em vista a\ncompet\u00eancia que lhe \u00e9 conferida pela Portaria n\u00ba 2.590, de 26 de setembro de\n1997 e considerando o que consta no processo n\u00ba 23075.054360\/2020-13,<\/p>\n\n\n\n<p>RESOLVE:<\/p>\n\n\n\n<p>I. Autorizar, a partir de 05 de outubro de 2020, a\nmovimenta\u00e7\u00e3o da servidora MARIA APARECIDA DO NASCIMENTO BANDEIRA &#8211;\n1437621, ocupante do cargo de T\u00e9cnica\nem Enfermagem, para a Unidade de Imagem e Radioterapia do Hospital de Cl\u00ednicas.<\/p>\n\n\n\n<p>II.\nExcluir, a partir da mesma data, o adicional de insalubridade concedido \u00e0\ncitada servidora.<\/p>\n\n\n\n<p style=\"text-align:right\">Lania\nVirginia Busnello Vaz<\/p>\n","protected":false},"excerpt":{"rendered":"<p>I. Autorizar, a partir de 05 de outubro de 2020, a movimenta\u00e7\u00e3o da servidora MARIA APARECIDA DO NASCIMENTO BANDEIRA &#8211; 1437621, ocupante do cargo de T\u00e9cnica em Enfermagem, para a Unidade de Imagem e Radioterapia do Hospital de Cl\u00ednicas.  II. Excluir, a partir da mesma data, o adicional de insalubridade concedido \u00e0 citada servidora.  <!-- wp:paragraph {\"align\":\"right\"} \n\n<p style=\"text-align:right\">Lania Virginia Busnello Vaz\n<\/p>\n","protected":false},"author":49,"featured_media":0,"comment_status":"closed","ping_status":"closed","sticky":false,"template":"","format":"standard","meta":{"_acf_changed":false,"iawp_total_views":0,"footnotes":""},"categories":[116],"tags":[135],"class_list":["post-57535","post","type-post","status-publish","format-standard","hentry","category-progepe","tag-remocao"],"acf":[],"_links":{"self":[{"href":"https:\/\/progepe.ufpr.br\/portarias\/wp-json\/wp\/v2\/posts\/57535","targetHints":{"allow":["GET"]}}],"collection":[{"href":"https:\/\/progepe.ufpr.br\/portarias\/wp-json\/wp\/v2\/posts"}],"about":[{"href":"https:\/\/progepe.ufpr.br\/portarias\/wp-json\/wp\/v2\/types\/post"}],"author":[{"embeddable":true,"href":"https:\/\/progepe.ufpr.br\/portarias\/wp-json\/wp\/v2\/users\/49"}],"replies":[{"embeddable":true,"href":"https:\/\/progepe.ufpr.br\/portarias\/wp-json\/wp\/v2\/comments?post=57535"}],"version-history":[{"count":1,"href":"https:\/\/progepe.ufpr.br\/portarias\/wp-json\/wp\/v2\/posts\/57535\/revisions"}],"predecessor-version":[{"id":196074,"href":"https:\/\/progepe.ufpr.br\/portarias\/wp-json\/wp\/v2\/posts\/57535\/revisions\/196074"}],"wp:attachment":[{"href":"https:\/\/progepe.ufpr.br\/portarias\/wp-json\/wp\/v2\/media?parent=57535"}],"wp:term":[{"taxonomy":"category","embeddable":true,"href":"https:\/\/progepe.ufpr.br\/portarias\/wp-json\/wp\/v2\/categories?post=57535"},{"taxonomy":"post_tag","embeddable":true,"href":"https:\/\/progepe.ufpr.br\/portarias\/wp-json\/wp\/v2\/tags?post=57535"}],"curies":[{"name":"wp","href":"https:\/\/api.w.org\/{rel}","templated":true}]}}