{"id":57546,"date":"2020-10-15T10:07:00","date_gmt":"2020-10-15T13:07:00","guid":{"rendered":"http:\/\/progepe.ufpr.br\/portal\/?post_type=portarias&#038;p=57546"},"modified":"2023-08-03T12:58:47","modified_gmt":"2023-08-03T15:58:47","slug":"progepe-2020-02977","status":"publish","type":"post","link":"https:\/\/progepe.ufpr.br\/portarias\/progepe-2020-02977\/","title":{"rendered":"PORTARIA N\u00ba 02977\/PROGEPE, DE 15 DE OUTUBRO DE 2020"},"content":{"rendered":"\n<p><strong>A Pr\u00f3-Reitora de Gest\u00e3o de Pessoas da Universidade Federal do Paran\u00e1, em exerc\u00edcio, <\/strong>no  uso de suas atribui\u00e7\u00f5es, tendo em vista a compet\u00eancia que lhe \u00e9  conferida pela Portaria n\u00ba 2.590, de 26 de setembro de 1997, de acordo  com os Artigos 11 e 12 da Lei n\u00ba 11.091\/05; os Anexos II e III do  Decreto n\u00ba 5.824\/06, Portaria n\u00ba 18.908\/2016 PROGEPE\/UFPR; Of\u00edcio  Circular SEI n\u00ba 2\/2019\/CGCARASSES\/CGCAR\/DESEN\/SGP\/SEDGG-ME; e, o que  consta no processo n\u00ba 23075.048542\/2020-47; <\/p>\n\n\n\n<p>RESOLVE:<\/p>\n\n\n\n<p> Conceder o Incentivo \u00e0 Qualifica\u00e7\u00e3o no percentual de 30% (trinta) por  cento, a partir de 10 de setembro de 2020, \u00e0 servidora SHEILA BEATRIZ  GONCALVES GAMEIRO &#8211; 1435791, ocupante do cargo de Auxiliar de  Enfermagem, lotada na Equipe Farmacot\u00e9cnica do Hospital de Cl\u00ednicas,  tendo em vista ter apresentado Certificado do Curso de P\u00f3s-Gradua\u00e7\u00e3o  Lato Sensu em n\u00edvel de\u00a0Especializa\u00e7\u00e3o em \u00c9tica e Educa\u00e7\u00e3o &#8211; \u00canfase\u00a0 em  Teologia Moral e Ensino Religioso, emitido pela Faculdade de Campina  Grande do Sul do Estado do Paran\u00e1. <\/p>\n\n\n\n<p style=\"text-align:right\"><strong>LANIA VIRGINIA BUSNELLO VAZ<\/strong><\/p>\n","protected":false},"excerpt":{"rendered":"<p>Conceder o Incentivo \u00e0 Qualifica\u00e7\u00e3o no percentual de 30% (trinta) por cento, a partir de 10 de setembro de 2020, \u00e0 servidora SHEILA BEATRIZ GONCALVES GAMEIRO &#8211; 1435791, ocupante do cargo de Auxiliar de Enfermagem, lotada na Equipe Farmacot\u00e9cnica do Hospital de Cl\u00ednicas, tendo em vista ter apresentado Certificado do Curso de P\u00f3s-Gradua\u00e7\u00e3o Lato Sensu em n\u00edvel de\u00a0Especializa\u00e7\u00e3o em \u00c9tica e Educa\u00e7\u00e3o &#8211; \u00canfase\u00a0 em Teologia Moral e Ensino Religioso, emitido pela Faculdade de Campina Grande do Sul do Estado do Paran\u00e1.  <!-- wp:paragraph {\"align\":\"right\"} \n\n<p style=\"text-align:right\"><strong>LANIA VIRGINIA BUSNELLO VAZ<\/strong>\n<\/p>\n","protected":false},"author":48,"featured_media":0,"comment_status":"closed","ping_status":"closed","sticky":false,"template":"","format":"standard","meta":{"_acf_changed":false,"iawp_total_views":0,"footnotes":""},"categories":[116],"tags":[137],"class_list":["post-57546","post","type-post","status-publish","format-standard","hentry","category-progepe","tag-horario-especial"],"acf":[],"_links":{"self":[{"href":"https:\/\/progepe.ufpr.br\/portarias\/wp-json\/wp\/v2\/posts\/57546","targetHints":{"allow":["GET"]}}],"collection":[{"href":"https:\/\/progepe.ufpr.br\/portarias\/wp-json\/wp\/v2\/posts"}],"about":[{"href":"https:\/\/progepe.ufpr.br\/portarias\/wp-json\/wp\/v2\/types\/post"}],"author":[{"embeddable":true,"href":"https:\/\/progepe.ufpr.br\/portarias\/wp-json\/wp\/v2\/users\/48"}],"replies":[{"embeddable":true,"href":"https:\/\/progepe.ufpr.br\/portarias\/wp-json\/wp\/v2\/comments?post=57546"}],"version-history":[{"count":1,"href":"https:\/\/progepe.ufpr.br\/portarias\/wp-json\/wp\/v2\/posts\/57546\/revisions"}],"predecessor-version":[{"id":196076,"href":"https:\/\/progepe.ufpr.br\/portarias\/wp-json\/wp\/v2\/posts\/57546\/revisions\/196076"}],"wp:attachment":[{"href":"https:\/\/progepe.ufpr.br\/portarias\/wp-json\/wp\/v2\/media?parent=57546"}],"wp:term":[{"taxonomy":"category","embeddable":true,"href":"https:\/\/progepe.ufpr.br\/portarias\/wp-json\/wp\/v2\/categories?post=57546"},{"taxonomy":"post_tag","embeddable":true,"href":"https:\/\/progepe.ufpr.br\/portarias\/wp-json\/wp\/v2\/tags?post=57546"}],"curies":[{"name":"wp","href":"https:\/\/api.w.org\/{rel}","templated":true}]}}