{"id":57552,"date":"2020-10-15T10:19:00","date_gmt":"2020-10-15T13:19:00","guid":{"rendered":"http:\/\/progepe.ufpr.br\/portal\/?post_type=portarias&#038;p=57552"},"modified":"2023-10-04T10:15:09","modified_gmt":"2023-10-04T13:15:09","slug":"progepe-2020-02989","status":"publish","type":"post","link":"https:\/\/progepe.ufpr.br\/portarias\/progepe-2020-02989\/","title":{"rendered":"PORTARIA N\u00ba 02989\/PROGEPE, DE 15 DE OUTUBRO DE 2020"},"content":{"rendered":"\n<p>A Pr\u00f3-Reitora de Gest\u00e3o de Pessoas da Universidade Federal do Paran\u00e1, em exerc\u00edcio,\u00a0no uso de suas atribui\u00e7\u00f5es, tendo em vista a compet\u00eancia que lhe \u00e9 conferida pela Portaria n\u00ba 2.590, de 26 de setembro de 1997, considerando o que consta na Resolu\u00e7\u00e3o n\u00ba 14\/2014-CEPE, alterada pela Resolu\u00e7\u00e3o n\u00ba 16\/2014, e ainda o que consta no processo n\u00ba 23075.041171\/2019-39,<\/p>\n\n\n\n<p><strong>RESOLVE:<\/strong><\/p>\n\n\n\n<p>Alterar, considerando os termos do Parecer de For\u00e7a Execut\u00f3ria\u00a0n\u00ba 00078\/2020\/SEGAP\/PFPR\/PGF\/AGU\u00a0(doc. SEI n\u00ba\u00a02992679), a Portaria n\u00ba 5102\/PROGEPE, de 30\u00a0de dezembro de 2019, que concedeu progress\u00e3o funcional \u00e0 servidora LUCI REGINA PANKA ARCHEGAS &#8211; 2211390, lotada no Setor de Educa\u00e7\u00e3o Profissional e Tecnol\u00f3gica, a fim de que passe a constar a progress\u00e3o\u00a0constante no Parecer da CPPD (doc. SEI n\u00ba\u00a01882652), do n\u00edvel 4-02\u00a0para o n\u00edvel 4-04 da classe D, e n\u00e3o como constou naquele ato.<\/p>\n","protected":false},"excerpt":{"rendered":"<p>Alterar, considerando os termos do Parecer de For\u00e7a Execut\u00f3ria\u00a0n\u00ba 00078\/2020\/SEGAP\/PFPR\/PGF\/AGU\u00a0(doc. SEI n\u00ba\u00a02992679), a Portaria n\u00ba 5102\/PROGEPE, de 30\u00a0de dezembro de 2019, que concedeu progress\u00e3o funcional \u00e0 servidora LUCI REGINA PANKA ARCHEGAS &#8211; 2211390, lotada no Setor de Educa\u00e7\u00e3o Profissional e Tecnol\u00f3gica, a fim de que passe a constar a progress\u00e3o\u00a0constante no Parecer da CPPD (doc. SEI n\u00ba\u00a01882652), do n\u00edvel 4-02\u00a0para o n\u00edvel 4-04 da classe D, e n\u00e3o como constou naquele ato.<\/p>\n","protected":false},"author":48,"featured_media":0,"comment_status":"closed","ping_status":"closed","sticky":false,"template":"","format":"standard","meta":{"_acf_changed":false,"iawp_total_views":0,"footnotes":""},"categories":[116],"tags":[143],"class_list":["post-57552","post","type-post","status-publish","format-standard","hentry","category-progepe","tag-progressao-promocao"],"acf":[],"_links":{"self":[{"href":"https:\/\/progepe.ufpr.br\/portarias\/wp-json\/wp\/v2\/posts\/57552","targetHints":{"allow":["GET"]}}],"collection":[{"href":"https:\/\/progepe.ufpr.br\/portarias\/wp-json\/wp\/v2\/posts"}],"about":[{"href":"https:\/\/progepe.ufpr.br\/portarias\/wp-json\/wp\/v2\/types\/post"}],"author":[{"embeddable":true,"href":"https:\/\/progepe.ufpr.br\/portarias\/wp-json\/wp\/v2\/users\/48"}],"replies":[{"embeddable":true,"href":"https:\/\/progepe.ufpr.br\/portarias\/wp-json\/wp\/v2\/comments?post=57552"}],"version-history":[{"count":4,"href":"https:\/\/progepe.ufpr.br\/portarias\/wp-json\/wp\/v2\/posts\/57552\/revisions"}],"predecessor-version":[{"id":252387,"href":"https:\/\/progepe.ufpr.br\/portarias\/wp-json\/wp\/v2\/posts\/57552\/revisions\/252387"}],"wp:attachment":[{"href":"https:\/\/progepe.ufpr.br\/portarias\/wp-json\/wp\/v2\/media?parent=57552"}],"wp:term":[{"taxonomy":"category","embeddable":true,"href":"https:\/\/progepe.ufpr.br\/portarias\/wp-json\/wp\/v2\/categories?post=57552"},{"taxonomy":"post_tag","embeddable":true,"href":"https:\/\/progepe.ufpr.br\/portarias\/wp-json\/wp\/v2\/tags?post=57552"}],"curies":[{"name":"wp","href":"https:\/\/api.w.org\/{rel}","templated":true}]}}