{"id":57580,"date":"2020-10-15T10:09:00","date_gmt":"2020-10-15T13:09:00","guid":{"rendered":"http:\/\/progepe.ufpr.br\/portal\/?post_type=portarias&#038;p=57580"},"modified":"2023-08-03T12:58:47","modified_gmt":"2023-08-03T15:58:47","slug":"progepe-2020-02979","status":"publish","type":"post","link":"https:\/\/progepe.ufpr.br\/portarias\/progepe-2020-02979\/","title":{"rendered":"PORTARIA N\u00ba 02979\/PROGEPE, DE 15 DE OUTUBRO DE 2020"},"content":{"rendered":"\n<p><strong>A Pr\u00f3-Reitora de Gest\u00e3o de Pessoas da Universidade Federal do Paran\u00e1, em exerc\u00edcio,<\/strong>  no uso de suas atribui\u00e7\u00f5es, tendo em vista a compet\u00eancia que lhe \u00e9  conferida pela Portaria n\u00ba 2.590, de 26 de setembro de 1997,  considerando o que consta na Resolu\u00e7\u00e3o n\u00ba 10\/2014-CEPE e ainda o que  consta no processo n\u00ba 23075.053878\/2020-21, <\/p>\n\n\n\n<p>RESOLVE:<\/p>\n\n\n\n<p>I. Conceder acelera\u00e7\u00e3o da promo\u00e7\u00e3o ao \nservidor THIAGO CAMPOS MONTEIRO \u2013 1999180, ocupante do cargo de \nProfessor do Magist\u00e9rio Superior, lotado no Departamento de Engenharia e\n Tecnologia Florestal do Setor de Ci\u00eancias Agr\u00e1rias, do n\u00edvel 6-02 da \nclasse A \u2013 Adjunto para o n\u00edvel 6-01 da classe C \u2013 Adjunto, a partir de \n18 de dezembro de 2020.<\/p>\n\n\n\n<p>II. A progress\u00e3o subsequente ser\u00e1 a partir de 18 de dezembro de 2022, conforme o \u00a72 do artigo 4\u00ba da resolu\u00e7\u00e3o 10\/14.<\/p>\n\n\n\n<p style=\"text-align:right\"><strong>LANIA VIRGINIA BUSNELLO VAZ<\/strong><\/p>\n","protected":false},"excerpt":{"rendered":"<p>I. Conceder acelera\u00e7\u00e3o da promo\u00e7\u00e3o ao servidor THIAGO CAMPOS MONTEIRO \u2013 1999180, ocupante do cargo de Professor do Magist\u00e9rio Superior, lotado no Departamento de Engenharia e Tecnologia Florestal do Setor de Ci\u00eancias Agr\u00e1rias, do n\u00edvel 6-02 da classe A \u2013 Adjunto para o n\u00edvel 6-01 da classe C \u2013 Adjunto, a partir de 18 de dezembro de 2020.  II. A progress\u00e3o subsequente ser\u00e1 a partir de 18 de dezembro de 2022, conforme o \u00a72 do artigo 4\u00ba da resolu\u00e7\u00e3o 10\/14.  <!-- wp:paragraph {\"align\":\"right\"} \n\n<p style=\"text-align:right\"><strong>LANIA VIRGINIA BUSNELLO VAZ<\/strong>\n<\/p>\n","protected":false},"author":48,"featured_media":0,"comment_status":"closed","ping_status":"closed","sticky":false,"template":"","format":"standard","meta":{"_acf_changed":false,"iawp_total_views":0,"footnotes":""},"categories":[116],"tags":[138],"class_list":["post-57580","post","type-post","status-publish","format-standard","hentry","category-progepe","tag-aceleracao-promocao"],"acf":[],"_links":{"self":[{"href":"https:\/\/progepe.ufpr.br\/portarias\/wp-json\/wp\/v2\/posts\/57580","targetHints":{"allow":["GET"]}}],"collection":[{"href":"https:\/\/progepe.ufpr.br\/portarias\/wp-json\/wp\/v2\/posts"}],"about":[{"href":"https:\/\/progepe.ufpr.br\/portarias\/wp-json\/wp\/v2\/types\/post"}],"author":[{"embeddable":true,"href":"https:\/\/progepe.ufpr.br\/portarias\/wp-json\/wp\/v2\/users\/48"}],"replies":[{"embeddable":true,"href":"https:\/\/progepe.ufpr.br\/portarias\/wp-json\/wp\/v2\/comments?post=57580"}],"version-history":[{"count":1,"href":"https:\/\/progepe.ufpr.br\/portarias\/wp-json\/wp\/v2\/posts\/57580\/revisions"}],"predecessor-version":[{"id":196080,"href":"https:\/\/progepe.ufpr.br\/portarias\/wp-json\/wp\/v2\/posts\/57580\/revisions\/196080"}],"wp:attachment":[{"href":"https:\/\/progepe.ufpr.br\/portarias\/wp-json\/wp\/v2\/media?parent=57580"}],"wp:term":[{"taxonomy":"category","embeddable":true,"href":"https:\/\/progepe.ufpr.br\/portarias\/wp-json\/wp\/v2\/categories?post=57580"},{"taxonomy":"post_tag","embeddable":true,"href":"https:\/\/progepe.ufpr.br\/portarias\/wp-json\/wp\/v2\/tags?post=57580"}],"curies":[{"name":"wp","href":"https:\/\/api.w.org\/{rel}","templated":true}]}}