{"id":57591,"date":"2020-10-15T10:12:00","date_gmt":"2020-10-15T13:12:00","guid":{"rendered":"http:\/\/progepe.ufpr.br\/portal\/?post_type=portarias&#038;p=57591"},"modified":"2023-08-03T12:58:48","modified_gmt":"2023-08-03T15:58:48","slug":"progepe-2020-02982","status":"publish","type":"post","link":"https:\/\/progepe.ufpr.br\/portarias\/progepe-2020-02982\/","title":{"rendered":"PORTARIA N\u00ba 02982\/PROGEPE, DE 15 DE OUTUBRO DE 2020"},"content":{"rendered":"\n<p><strong>A Pr\u00f3-Reitora de Gest\u00e3o de Pessoas da Universidade Federal do Paran\u00e1, em exerc\u00edcio,<\/strong>  no uso de suas atribui\u00e7\u00f5es, tendo em vista a compet\u00eancia que lhe \u00e9  conferida pela Portaria n\u00ba 2.590, de 26 de setembro de 1997,  considerando o que consta na Resolu\u00e7\u00e3o n\u00ba 10\/2014-CEPE e ainda o que  consta no processo n\u00ba 23075.054521\/2020-61, <\/p>\n\n\n\n<p>RESOLVE:<\/p>\n\n\n\n<p>I. Conceder acelera\u00e7\u00e3o da promo\u00e7\u00e3o \u00e0 \nservidora LETICIA NERONE GADENS \u2013 2338231, ocupante do cargo de \nProfessor do Magist\u00e9rio Superior, lotada no Departamento de Arquitetura e\n Urbanismo do Setor de Tecnologia, do n\u00edvel 6-02 da classe A \u2013 Adjunto \npara o n\u00edvel 6-01 da classe C \u2013 Adjunto, a partir de 06 de outubro de \n2020.<\/p>\n\n\n\n<p>II. A progress\u00e3o subsequente ser\u00e1 a partir de 06 de outubro de 2022, conforme o \u00a72 do artigo 4\u00ba da resolu\u00e7\u00e3o 10\/14.<\/p>\n\n\n\n<p style=\"text-align:right\"><strong>LANIA VIRGINIA BUSNELLO VAZ<\/strong><\/p>\n\n\n\n<hr class=\"wp-block-separator\" \/>\n","protected":false},"excerpt":{"rendered":"<p>I. Conceder acelera\u00e7\u00e3o da promo\u00e7\u00e3o \u00e0 servidora LETICIA NERONE GADENS \u2013 2338231, ocupante do cargo de Professor do Magist\u00e9rio Superior, lotada no Departamento de Arquitetura e Urbanismo do Setor de Tecnologia, do n\u00edvel 6-02 da classe A \u2013 Adjunto para o n\u00edvel 6-01 da classe C \u2013 Adjunto, a partir de 06 de outubro de 2020.  II. A progress\u00e3o subsequente ser\u00e1 a partir de 06 de outubro de 2022, conforme o \u00a72 do artigo 4\u00ba da resolu\u00e7\u00e3o 10\/14.  <!-- wp:paragraph {\"align\":\"right\"} \n\n<p style=\"text-align:right\"><strong>LANIA VIRGINIA BUSNELLO VAZ<\/strong>  <!-- wp:separator \n\n<hr class=\"wp-block-separator\" \/> <!-- \/wp:separator\n<\/p>\n","protected":false},"author":48,"featured_media":0,"comment_status":"closed","ping_status":"closed","sticky":false,"template":"","format":"standard","meta":{"_acf_changed":false,"iawp_total_views":0,"footnotes":""},"categories":[116],"tags":[138],"class_list":["post-57591","post","type-post","status-publish","format-standard","hentry","category-progepe","tag-aceleracao-promocao"],"acf":[],"_links":{"self":[{"href":"https:\/\/progepe.ufpr.br\/portarias\/wp-json\/wp\/v2\/posts\/57591","targetHints":{"allow":["GET"]}}],"collection":[{"href":"https:\/\/progepe.ufpr.br\/portarias\/wp-json\/wp\/v2\/posts"}],"about":[{"href":"https:\/\/progepe.ufpr.br\/portarias\/wp-json\/wp\/v2\/types\/post"}],"author":[{"embeddable":true,"href":"https:\/\/progepe.ufpr.br\/portarias\/wp-json\/wp\/v2\/users\/48"}],"replies":[{"embeddable":true,"href":"https:\/\/progepe.ufpr.br\/portarias\/wp-json\/wp\/v2\/comments?post=57591"}],"version-history":[{"count":1,"href":"https:\/\/progepe.ufpr.br\/portarias\/wp-json\/wp\/v2\/posts\/57591\/revisions"}],"predecessor-version":[{"id":196082,"href":"https:\/\/progepe.ufpr.br\/portarias\/wp-json\/wp\/v2\/posts\/57591\/revisions\/196082"}],"wp:attachment":[{"href":"https:\/\/progepe.ufpr.br\/portarias\/wp-json\/wp\/v2\/media?parent=57591"}],"wp:term":[{"taxonomy":"category","embeddable":true,"href":"https:\/\/progepe.ufpr.br\/portarias\/wp-json\/wp\/v2\/categories?post=57591"},{"taxonomy":"post_tag","embeddable":true,"href":"https:\/\/progepe.ufpr.br\/portarias\/wp-json\/wp\/v2\/tags?post=57591"}],"curies":[{"name":"wp","href":"https:\/\/api.w.org\/{rel}","templated":true}]}}