{"id":57701,"date":"2020-10-15T10:30:00","date_gmt":"2020-10-15T13:30:00","guid":{"rendered":"http:\/\/progepe.ufpr.br\/portal\/?post_type=portarias&#038;p=57701"},"modified":"2023-08-03T12:58:50","modified_gmt":"2023-08-03T15:58:50","slug":"progepe-2020-03000","status":"publish","type":"post","link":"https:\/\/progepe.ufpr.br\/portarias\/progepe-2020-03000\/","title":{"rendered":"PORTARIA N\u00ba 03000\/PROGEPE, DE 15 DE OUTUBRO DE 2020"},"content":{"rendered":"\n<p>A Pr\u00f3-Reitora de Gest\u00e3o de Pessoas da  Universidade Federal do Paran\u00e1, em  exerc\u00edcio, no uso de suas atribui\u00e7\u00f5es, tendo em  vista a compet\u00eancia que lhe \u00e9 conferida pela  Portaria n\u00ba 2.590, de 26 de setembro de 1997,<br> de acordo com o Art. 10, \u00a7 1\u00ba e 4\u00ba da Lei n\u00ba  11.091\/05; Art. 4\u00ba \u00a7 1\u00ba do Decreto n\u00ba 5.824\/06;  Portaria MEC 09\/06; Portaria MEC 39\/11; Parecer<br> MEC 50151\/2015\/DCC\/COLEP\/CGGP\/SAA;  Portaria n\u00ba 18.908\/PROGEPE, de 16.08.2016; e,  ainda o contido no processo n\u00ba  23075.036299\/2020-14,<\/p>\n\n\n\n<p>RESOLVE:<\/p>\n\n\n\n<p>Conceder progress\u00e3o por capacita\u00e7\u00e3o profissional \u00e0 servidora TATIANE DOS SANTOS  BARRETO \u2013 1738762, ocupante do cargo de Assistente em Administra\u00e7\u00e3o, lotada no  Departamento de Hist\u00f3ria do Setor de Ci\u00eancias Humanas, do n\u00edvel D-02 para o n\u00edvel  D-03, padr\u00e3o de Vencimento 03, a partir de 04 de setembro de 2020, conforme  Parecer da Unidade de An\u00e1lise de T\u00edtulos (2967206), no processo n\u00ba  23075.036299\/2020-14.<\/p>\n\n\n\n<p style=\"text-align:right\">LANIA VIRGINIA BUSNELLO VAZ<\/p>\n","protected":false},"excerpt":{"rendered":"<p>Conceder progress\u00e3o por capacita\u00e7\u00e3o profissional \u00e0 servidora TATIANE DOS SANTOS BARRETO \u2013 1738762, ocupante do cargo de Assistente em Administra\u00e7\u00e3o, lotada no Departamento de Hist\u00f3ria do Setor de Ci\u00eancias Humanas, do n\u00edvel D-02 para o n\u00edvel D-03, padr\u00e3o de Vencimento 03, a partir de 04 de setembro de 2020, conforme Parecer da Unidade de An\u00e1lise de T\u00edtulos (2967206), no processo n\u00ba 23075.036299\/2020-14.  <!-- wp:paragraph {\"align\":\"right\"} \n\n<p style=\"text-align:right\">LANIA VIRGINIA BUSNELLO VAZ\n<\/p>\n","protected":false},"author":48,"featured_media":0,"comment_status":"closed","ping_status":"closed","sticky":false,"template":"","format":"standard","meta":{"_acf_changed":false,"iawp_total_views":0,"footnotes":""},"categories":[116],"tags":[143],"class_list":["post-57701","post","type-post","status-publish","format-standard","hentry","category-progepe","tag-progressao-promocao"],"acf":[],"_links":{"self":[{"href":"https:\/\/progepe.ufpr.br\/portarias\/wp-json\/wp\/v2\/posts\/57701","targetHints":{"allow":["GET"]}}],"collection":[{"href":"https:\/\/progepe.ufpr.br\/portarias\/wp-json\/wp\/v2\/posts"}],"about":[{"href":"https:\/\/progepe.ufpr.br\/portarias\/wp-json\/wp\/v2\/types\/post"}],"author":[{"embeddable":true,"href":"https:\/\/progepe.ufpr.br\/portarias\/wp-json\/wp\/v2\/users\/48"}],"replies":[{"embeddable":true,"href":"https:\/\/progepe.ufpr.br\/portarias\/wp-json\/wp\/v2\/comments?post=57701"}],"version-history":[{"count":1,"href":"https:\/\/progepe.ufpr.br\/portarias\/wp-json\/wp\/v2\/posts\/57701\/revisions"}],"predecessor-version":[{"id":196095,"href":"https:\/\/progepe.ufpr.br\/portarias\/wp-json\/wp\/v2\/posts\/57701\/revisions\/196095"}],"wp:attachment":[{"href":"https:\/\/progepe.ufpr.br\/portarias\/wp-json\/wp\/v2\/media?parent=57701"}],"wp:term":[{"taxonomy":"category","embeddable":true,"href":"https:\/\/progepe.ufpr.br\/portarias\/wp-json\/wp\/v2\/categories?post=57701"},{"taxonomy":"post_tag","embeddable":true,"href":"https:\/\/progepe.ufpr.br\/portarias\/wp-json\/wp\/v2\/tags?post=57701"}],"curies":[{"name":"wp","href":"https:\/\/api.w.org\/{rel}","templated":true}]}}