{"id":57718,"date":"2020-10-08T10:18:00","date_gmt":"2020-10-08T13:18:00","guid":{"rendered":"http:\/\/progepe.ufpr.br\/portal\/?post_type=portarias&#038;p=57718"},"modified":"2023-08-03T12:58:39","modified_gmt":"2023-08-03T15:58:39","slug":"progepe-2020-02910","status":"publish","type":"post","link":"https:\/\/progepe.ufpr.br\/portarias\/progepe-2020-02910\/","title":{"rendered":"PORTARIA N\u00ba 02910\/PROGEPE, DE 08 DE OUTUBRO DE 2020"},"content":{"rendered":"\n<p><strong>O Pr\u00f3-Reitor de Gest\u00e3o de Pessoas da Universidade Federal do Paran\u00e1,\u00a0<\/strong>no  uso de suas atribui\u00e7\u00f5es, tendo em vista a compet\u00eancia que lhe \u00e9  conferida pela Portaria n\u00ba 2.590, de 26 de setembro de 1997 e  considerando o que consta no processo n\u00ba 23075.075358\/2018-55; <\/p>\n\n\n\n<p>RESOLVE:<\/p>\n\n\n\n<p>Retificar a Portaria n\u00ba 859\/PROGEPE de 25 \nde fevereiro de 2019, publicada no DOU de 01 de mar\u00e7o de 2019, se\u00e7\u00e3o 2, \np\u00e1g. 108, que concedeu aposentadoria volunt\u00e1ria \u00e0 servidora MONICA NUNES\n LIMA CAT &#8211; 1061222:&nbsp;<\/p>\n\n\n\n<p>Onde se l\u00ea: &#8230;ocupante do cargo de Professor Associado, n\u00edvel 701, com Doutorado&#8230;&nbsp;<\/p>\n\n\n\n<p>Leia-se: &#8230;ocupante do cargo de Professor Associado, n\u00edvel 703, com Doutorado&#8230;<\/p>\n\n\n\n<p style=\"text-align:right\"><strong>DOUGLAS ORTIZ HAMERMULLER<\/strong><\/p>\n","protected":false},"excerpt":{"rendered":"<p>Retificar a Portaria n\u00ba 859\/PROGEPE de 25 de fevereiro de 2019, publicada no DOU de 01 de mar\u00e7o de 2019, se\u00e7\u00e3o 2, p\u00e1g. 108, que concedeu aposentadoria volunt\u00e1ria \u00e0 servidora MONICA NUNES LIMA CAT &#8211; 1061222:&nbsp;  Onde se l\u00ea: &#8230;ocupante do cargo de Professor Associado, n\u00edvel 701, com Doutorado&#8230;&nbsp;  Leia-se: &#8230;ocupante do cargo de Professor Associado, n\u00edvel 703, com Doutorado&#8230;  <!-- wp:paragraph {\"align\":\"right\"} \n\n<p style=\"text-align:right\"><strong>DOUGLAS ORTIZ HAMERMULLER<\/strong>\n<\/p>\n","protected":false},"author":48,"featured_media":0,"comment_status":"closed","ping_status":"closed","sticky":false,"template":"","format":"standard","meta":{"_acf_changed":false,"iawp_total_views":0,"footnotes":""},"categories":[116],"tags":[125],"class_list":["post-57718","post","type-post","status-publish","format-standard","hentry","category-progepe","tag-aposentadoria"],"acf":[],"_links":{"self":[{"href":"https:\/\/progepe.ufpr.br\/portarias\/wp-json\/wp\/v2\/posts\/57718","targetHints":{"allow":["GET"]}}],"collection":[{"href":"https:\/\/progepe.ufpr.br\/portarias\/wp-json\/wp\/v2\/posts"}],"about":[{"href":"https:\/\/progepe.ufpr.br\/portarias\/wp-json\/wp\/v2\/types\/post"}],"author":[{"embeddable":true,"href":"https:\/\/progepe.ufpr.br\/portarias\/wp-json\/wp\/v2\/users\/48"}],"replies":[{"embeddable":true,"href":"https:\/\/progepe.ufpr.br\/portarias\/wp-json\/wp\/v2\/comments?post=57718"}],"version-history":[{"count":1,"href":"https:\/\/progepe.ufpr.br\/portarias\/wp-json\/wp\/v2\/posts\/57718\/revisions"}],"predecessor-version":[{"id":70170,"href":"https:\/\/progepe.ufpr.br\/portarias\/wp-json\/wp\/v2\/posts\/57718\/revisions\/70170"}],"wp:attachment":[{"href":"https:\/\/progepe.ufpr.br\/portarias\/wp-json\/wp\/v2\/media?parent=57718"}],"wp:term":[{"taxonomy":"category","embeddable":true,"href":"https:\/\/progepe.ufpr.br\/portarias\/wp-json\/wp\/v2\/categories?post=57718"},{"taxonomy":"post_tag","embeddable":true,"href":"https:\/\/progepe.ufpr.br\/portarias\/wp-json\/wp\/v2\/tags?post=57718"}],"curies":[{"name":"wp","href":"https:\/\/api.w.org\/{rel}","templated":true}]}}