{"id":57738,"date":"2020-10-06T05:00:00","date_gmt":"2020-10-06T08:00:00","guid":{"rendered":"http:\/\/progepe.ufpr.br\/portal\/?post_type=portarias&#038;p=57738"},"modified":"2023-08-03T13:20:29","modified_gmt":"2023-08-03T16:20:29","slug":"rt-2020-01399","status":"publish","type":"post","link":"https:\/\/progepe.ufpr.br\/portarias\/rt-2020-01399\/","title":{"rendered":"PORTARIA N\u00ba 01399\/REITORIA, DE 06 DE OUTUBRO DE 2020"},"content":{"rendered":"\n<p><strong>O Reitor da Universidade Federal do Paran\u00e1,&nbsp;<\/strong>no uso de suas atribui\u00e7\u00f5es, e considerando o que consta do processo n\u00ba 23075.050362\/2020-25, <\/p>\n\n\n\n<p>RESOLVE:<\/p>\n\n\n\n<p>I. Tornar sem efeito a Portaria 1396\/REITORIA, de 01 de outubro de 2020.<\/p>\n\n\n\n<p>II. Exonerar, a pedido, a partir de 13&nbsp;de \noutubro 2020, do Quadro Permanente desta Universidade, TATIANE CRISTINA \nSTABILE &#8211; 3135757, ocupante do cargo de T\u00e9cnico em Contabilidade, lotada\n na Se\u00e7\u00e3o de Servi\u00e7os de Vigil\u00e2ncia da Pr\u00f3-Reitoria de Administra\u00e7\u00e3o.<\/p>\n\n\n\n<p>III. Declarar aberta a vaga.<\/p>\n\n\n\n<p class=\"has-text-align-right\"><\/p>\n","protected":false},"excerpt":{"rendered":"<p>I. Tornar sem efeito a Portaria 1396\/REITORIA, de 01 de outubro de 2020.  II. Exonerar, a pedido, a partir de 13&nbsp;de outubro 2020, do Quadro Permanente desta Universidade, TATIANE CRISTINA STABILE &#8211; 3135757, ocupante do cargo de T\u00e9cnico em Contabilidade, lotada na Se\u00e7\u00e3o de Servi\u00e7os de Vigil\u00e2ncia da Pr\u00f3-Reitoria de Administra\u00e7\u00e3o.  III. Declarar aberta a vaga.  <!-- wp:paragraph {\"align\":\"right\"} \n\n<p class=\"has-text-align-right\">\n<\/p>\n","protected":false},"author":48,"featured_media":0,"comment_status":"closed","ping_status":"open","sticky":false,"template":"","format":"standard","meta":{"_acf_changed":false,"iawp_total_views":0,"footnotes":""},"categories":[117],"tags":[122],"class_list":["post-57738","post","type-post","status-publish","format-standard","hentry","category-rt","tag-exoneracao"],"acf":[],"_links":{"self":[{"href":"https:\/\/progepe.ufpr.br\/portarias\/wp-json\/wp\/v2\/posts\/57738","targetHints":{"allow":["GET"]}}],"collection":[{"href":"https:\/\/progepe.ufpr.br\/portarias\/wp-json\/wp\/v2\/posts"}],"about":[{"href":"https:\/\/progepe.ufpr.br\/portarias\/wp-json\/wp\/v2\/types\/post"}],"author":[{"embeddable":true,"href":"https:\/\/progepe.ufpr.br\/portarias\/wp-json\/wp\/v2\/users\/48"}],"replies":[{"embeddable":true,"href":"https:\/\/progepe.ufpr.br\/portarias\/wp-json\/wp\/v2\/comments?post=57738"}],"version-history":[{"count":2,"href":"https:\/\/progepe.ufpr.br\/portarias\/wp-json\/wp\/v2\/posts\/57738\/revisions"}],"predecessor-version":[{"id":90619,"href":"https:\/\/progepe.ufpr.br\/portarias\/wp-json\/wp\/v2\/posts\/57738\/revisions\/90619"}],"wp:attachment":[{"href":"https:\/\/progepe.ufpr.br\/portarias\/wp-json\/wp\/v2\/media?parent=57738"}],"wp:term":[{"taxonomy":"category","embeddable":true,"href":"https:\/\/progepe.ufpr.br\/portarias\/wp-json\/wp\/v2\/categories?post=57738"},{"taxonomy":"post_tag","embeddable":true,"href":"https:\/\/progepe.ufpr.br\/portarias\/wp-json\/wp\/v2\/tags?post=57738"}],"curies":[{"name":"wp","href":"https:\/\/api.w.org\/{rel}","templated":true}]}}