{"id":57746,"date":"2020-10-01T05:05:00","date_gmt":"2020-10-01T08:05:00","guid":{"rendered":"http:\/\/progepe.ufpr.br\/portal\/?post_type=portarias&#038;p=57746"},"modified":"2023-08-03T13:20:29","modified_gmt":"2023-08-03T16:20:29","slug":"rt-2020-01396","status":"publish","type":"post","link":"https:\/\/progepe.ufpr.br\/portarias\/rt-2020-01396\/","title":{"rendered":"PORTARIA N\u00ba 01396\/REITORIA, DE 01 DE OUTUBRO DE 2020"},"content":{"rendered":"\n<p><strong>O Reitor da Universidade Federal do Paran\u00e1, <\/strong>no uso de suas atribui\u00e7\u00f5es, e considerando o que consta do processo n\u00ba 23075.050362\/2020-25, <\/p>\n\n\n\n<p>RESOLVE:<\/p>\n\n\n\n<p>I. Exonerar, a pedido, a partir de 30 de \nsetembro 2020, do Quadro Permanente desta Universidade, TATIANE CRISTINA\n STABILE &#8211; 3135757, ocupante do cargo de T\u00e9cnico em Contabilidade, \nlotada na Se\u00e7\u00e3o de Servi\u00e7os de Vigil\u00e2ncia da Pr\u00f3-Reitoria de \nAdministra\u00e7\u00e3o.<\/p>\n\n\n\n<p>II. Declarar aberta a vaga.<\/p>\n\n\n\n<p class=\"has-text-align-right\"><\/p>\n","protected":false},"excerpt":{"rendered":"<p>I. Exonerar, a pedido, a partir de 30 de setembro 2020, do Quadro Permanente desta Universidade, TATIANE CRISTINA STABILE &#8211; 3135757, ocupante do cargo de T\u00e9cnico em Contabilidade, lotada na Se\u00e7\u00e3o de Servi\u00e7os de Vigil\u00e2ncia da Pr\u00f3-Reitoria de Administra\u00e7\u00e3o.  II. Declarar aberta a vaga.  <!-- wp:paragraph {\"align\":\"right\"} \n\n<p class=\"has-text-align-right\">\n<\/p>\n","protected":false},"author":48,"featured_media":0,"comment_status":"closed","ping_status":"open","sticky":false,"template":"","format":"standard","meta":{"_acf_changed":false,"iawp_total_views":2,"footnotes":""},"categories":[117],"tags":[122],"class_list":["post-57746","post","type-post","status-publish","format-standard","hentry","category-rt","tag-exoneracao"],"acf":[],"_links":{"self":[{"href":"https:\/\/progepe.ufpr.br\/portarias\/wp-json\/wp\/v2\/posts\/57746","targetHints":{"allow":["GET"]}}],"collection":[{"href":"https:\/\/progepe.ufpr.br\/portarias\/wp-json\/wp\/v2\/posts"}],"about":[{"href":"https:\/\/progepe.ufpr.br\/portarias\/wp-json\/wp\/v2\/types\/post"}],"author":[{"embeddable":true,"href":"https:\/\/progepe.ufpr.br\/portarias\/wp-json\/wp\/v2\/users\/48"}],"replies":[{"embeddable":true,"href":"https:\/\/progepe.ufpr.br\/portarias\/wp-json\/wp\/v2\/comments?post=57746"}],"version-history":[{"count":2,"href":"https:\/\/progepe.ufpr.br\/portarias\/wp-json\/wp\/v2\/posts\/57746\/revisions"}],"predecessor-version":[{"id":90622,"href":"https:\/\/progepe.ufpr.br\/portarias\/wp-json\/wp\/v2\/posts\/57746\/revisions\/90622"}],"wp:attachment":[{"href":"https:\/\/progepe.ufpr.br\/portarias\/wp-json\/wp\/v2\/media?parent=57746"}],"wp:term":[{"taxonomy":"category","embeddable":true,"href":"https:\/\/progepe.ufpr.br\/portarias\/wp-json\/wp\/v2\/categories?post=57746"},{"taxonomy":"post_tag","embeddable":true,"href":"https:\/\/progepe.ufpr.br\/portarias\/wp-json\/wp\/v2\/tags?post=57746"}],"curies":[{"name":"wp","href":"https:\/\/api.w.org\/{rel}","templated":true}]}}