{"id":57793,"date":"2020-10-16T10:06:00","date_gmt":"2020-10-16T13:06:00","guid":{"rendered":"http:\/\/progepe.ufpr.br\/portal\/?post_type=portarias&#038;p=57793"},"modified":"2023-08-03T12:58:51","modified_gmt":"2023-08-03T15:58:51","slug":"progepe-2020-03008","status":"publish","type":"post","link":"https:\/\/progepe.ufpr.br\/portarias\/progepe-2020-03008\/","title":{"rendered":"PORTARIA N\u00ba 03008\/PROGEPE, DE 16 DE OUTUBRO DE 2020"},"content":{"rendered":"\n<p><strong>A Pr\u00f3-Reitora de Gest\u00e3o de Pessoas da Universidade Federal do Paran\u00e1 em\nexerc\u00edcio,<\/strong> no uso de suas atribui\u00e7\u00f5es, tendo em vista a\ncompet\u00eancia que lhe \u00e9 conferida pela Portaria n\u00ba 2.590, de 26 de setembro de\n1997 e considerando o que consta no processo n\u00ba 23075.036035\/2020-61,<\/p>\n\n\n\n<p>RESOLVE:<\/p>\n\n\n\n<p>Convalidar, a partir de 26 de outubro de 2020, o retorno\ndo servidor FERNANDO HENRIQUE TEIXEIRA ZONZINI &#8211; 2412973, ocupante do\ncargo de Farmac\u00eautico &#8211; Habilita\u00e7\u00e3o, para o Departamento de Farmacologia do\nSetor de Ci\u00eancias Biol\u00f3gicas.<\/p>\n\n\n\n<p style=\"text-align:right\">Lania\nVirginia Busnello Vaz<\/p>\n","protected":false},"excerpt":{"rendered":"<p>Convalidar, a partir de 26 de outubro de 2020, o retorno do servidor FERNANDO HENRIQUE TEIXEIRA ZONZINI &#8211; 2412973, ocupante do cargo de Farmac\u00eautico &#8211; Habilita\u00e7\u00e3o, para o Departamento de Farmacologia do Setor de Ci\u00eancias Biol\u00f3gicas.  <!-- wp:paragraph {\"align\":\"right\"} \n\n<p style=\"text-align:right\">Lania Virginia Busnello Vaz\n<\/p>\n","protected":false},"author":49,"featured_media":0,"comment_status":"closed","ping_status":"closed","sticky":false,"template":"","format":"standard","meta":{"_acf_changed":false,"iawp_total_views":0,"footnotes":""},"categories":[116],"tags":[135],"class_list":["post-57793","post","type-post","status-publish","format-standard","hentry","category-progepe","tag-remocao"],"acf":[],"_links":{"self":[{"href":"https:\/\/progepe.ufpr.br\/portarias\/wp-json\/wp\/v2\/posts\/57793","targetHints":{"allow":["GET"]}}],"collection":[{"href":"https:\/\/progepe.ufpr.br\/portarias\/wp-json\/wp\/v2\/posts"}],"about":[{"href":"https:\/\/progepe.ufpr.br\/portarias\/wp-json\/wp\/v2\/types\/post"}],"author":[{"embeddable":true,"href":"https:\/\/progepe.ufpr.br\/portarias\/wp-json\/wp\/v2\/users\/49"}],"replies":[{"embeddable":true,"href":"https:\/\/progepe.ufpr.br\/portarias\/wp-json\/wp\/v2\/comments?post=57793"}],"version-history":[{"count":1,"href":"https:\/\/progepe.ufpr.br\/portarias\/wp-json\/wp\/v2\/posts\/57793\/revisions"}],"predecessor-version":[{"id":196102,"href":"https:\/\/progepe.ufpr.br\/portarias\/wp-json\/wp\/v2\/posts\/57793\/revisions\/196102"}],"wp:attachment":[{"href":"https:\/\/progepe.ufpr.br\/portarias\/wp-json\/wp\/v2\/media?parent=57793"}],"wp:term":[{"taxonomy":"category","embeddable":true,"href":"https:\/\/progepe.ufpr.br\/portarias\/wp-json\/wp\/v2\/categories?post=57793"},{"taxonomy":"post_tag","embeddable":true,"href":"https:\/\/progepe.ufpr.br\/portarias\/wp-json\/wp\/v2\/tags?post=57793"}],"curies":[{"name":"wp","href":"https:\/\/api.w.org\/{rel}","templated":true}]}}