{"id":57961,"date":"2020-10-14T10:11:00","date_gmt":"2020-10-14T13:11:00","guid":{"rendered":"http:\/\/progepe.ufpr.br\/portal\/?post_type=portarias&#038;p=57961"},"modified":"2023-08-03T12:58:46","modified_gmt":"2023-08-03T15:58:46","slug":"progepe-2020-02969","status":"publish","type":"post","link":"https:\/\/progepe.ufpr.br\/portarias\/progepe-2020-02969\/","title":{"rendered":"PORTARIA N\u00ba 02969\/PROGEPE, DE 14 DE OUTUBRO DE 2020"},"content":{"rendered":"\n<p><strong>A Pr\u00f3-Reitora de Gest\u00e3o de Pessoas da Universidade Federal do Paran\u00e1 em\nexerc\u00edcio,<\/strong> no uso de suas atribui\u00e7\u00f5es, tendo em vista a\ncompet\u00eancia que lhe \u00e9 conferida pela Portaria n\u00ba 2.590, de 26 de setembro de\n1997 e considerando o que consta no processo n\u00ba 23075.006790\/2020-11,<\/p>\n\n\n\n<p>RESOLVE:<\/p>\n\n\n\n<p>Retificar\na Portaria n\u00ba 1.332\/PROGEPE, de 27 de abril de 2020, publicada no DOU de\n30.04.2020, Se\u00e7\u00e3o 2, p\u00e1g. 39, referente \u00e0 aposentadoria do servidor JORGE LUIZ ERTHAL &#8211; 392764:<\/p>\n\n\n\n<p>Onde se\nL\u00ea: &#8230; ocupante do cargo de Professor Associado, n\u00edvel 701, com Doutorado, no\nregime de trabalho de 40 (quarenta) horas semanais, com dedica\u00e7\u00e3o exclusiva&#8230;\n.<\/p>\n\n\n\n<p>Leia-se:\n&#8230; ocupante do cargo de Professor Associado, n\u00edvel 704, com Doutorado, no\nregime de trabalho de 40 (quarenta) horas semanais, com dedica\u00e7\u00e3o exclusiva&#8230;\n.<\/p>\n\n\n\n<p style=\"text-align:right\">Lania\nVirginia Busnello Vaz<\/p>\n","protected":false},"excerpt":{"rendered":"<p>Retificar a Portaria n\u00ba 1.332\/PROGEPE, de 27 de abril de 2020, publicada no DOU de 30.04.2020, Se\u00e7\u00e3o 2, p\u00e1g. 39, referente \u00e0 aposentadoria do servidor JORGE LUIZ ERTHAL &#8211; 392764:  Onde se L\u00ea: &#8230; ocupante do cargo de Professor Associado, n\u00edvel 701, com Doutorado, no regime de trabalho de 40 (quarenta) horas semanais, com dedica\u00e7\u00e3o exclusiva&#8230; .  Leia-se: &#8230; ocupante do cargo de Professor Associado, n\u00edvel 704, com Doutorado, no regime de trabalho de 40 (quarenta) horas semanais, com dedica\u00e7\u00e3o exclusiva&#8230; .  <!-- wp:paragraph {\"align\":\"right\"} \n\n<p style=\"text-align:right\">Lania Virginia Busnello Vaz\n<\/p>\n","protected":false},"author":49,"featured_media":0,"comment_status":"closed","ping_status":"closed","sticky":false,"template":"","format":"standard","meta":{"_acf_changed":false,"iawp_total_views":0,"footnotes":""},"categories":[116],"tags":[125],"class_list":["post-57961","post","type-post","status-publish","format-standard","hentry","category-progepe","tag-aposentadoria"],"acf":[],"_links":{"self":[{"href":"https:\/\/progepe.ufpr.br\/portarias\/wp-json\/wp\/v2\/posts\/57961","targetHints":{"allow":["GET"]}}],"collection":[{"href":"https:\/\/progepe.ufpr.br\/portarias\/wp-json\/wp\/v2\/posts"}],"about":[{"href":"https:\/\/progepe.ufpr.br\/portarias\/wp-json\/wp\/v2\/types\/post"}],"author":[{"embeddable":true,"href":"https:\/\/progepe.ufpr.br\/portarias\/wp-json\/wp\/v2\/users\/49"}],"replies":[{"embeddable":true,"href":"https:\/\/progepe.ufpr.br\/portarias\/wp-json\/wp\/v2\/comments?post=57961"}],"version-history":[{"count":1,"href":"https:\/\/progepe.ufpr.br\/portarias\/wp-json\/wp\/v2\/posts\/57961\/revisions"}],"predecessor-version":[{"id":196118,"href":"https:\/\/progepe.ufpr.br\/portarias\/wp-json\/wp\/v2\/posts\/57961\/revisions\/196118"}],"wp:attachment":[{"href":"https:\/\/progepe.ufpr.br\/portarias\/wp-json\/wp\/v2\/media?parent=57961"}],"wp:term":[{"taxonomy":"category","embeddable":true,"href":"https:\/\/progepe.ufpr.br\/portarias\/wp-json\/wp\/v2\/categories?post=57961"},{"taxonomy":"post_tag","embeddable":true,"href":"https:\/\/progepe.ufpr.br\/portarias\/wp-json\/wp\/v2\/tags?post=57961"}],"curies":[{"name":"wp","href":"https:\/\/api.w.org\/{rel}","templated":true}]}}