{"id":58243,"date":"2020-10-22T05:02:00","date_gmt":"2020-10-22T08:02:00","guid":{"rendered":"http:\/\/progepe.ufpr.br\/portal\/?post_type=portarias&#038;p=58243"},"modified":"2023-08-03T13:20:33","modified_gmt":"2023-08-03T16:20:33","slug":"rt-2020-01425","status":"publish","type":"post","link":"https:\/\/progepe.ufpr.br\/portarias\/rt-2020-01425\/","title":{"rendered":"PORTARIA N\u00ba 01425\/REITORIA, DE 22 DE OUTUBRO DE 2020"},"content":{"rendered":"\n<p><strong>O Reitor da Universidade Federal do Paran\u00e1, <\/strong>no uso de suas atribui\u00e7\u00f5es e tendo em vista o que consta no processo n\u00ba 23075.003921\/2020-16, <\/p>\n\n\n\n<p>RESOLVE: <\/p>\n\n\n\n<p>Designar, a partir da data de publica\u00e7\u00e3o em DOU\ndesta Portaria, a servidora JOSIANE DA SILVA TEZOLIN &#8211; 1170019, ocupante do\ncargo de Revisora de Provas Tipogr\u00e1ficas, lotada na &nbsp;Unidade de Controle e\nExecu\u00e7\u00e3o Or\u00e7ament\u00e1ria do Setor de Ci\u00eancias Agr\u00e1rias, como substituto eventual\nda servidora ILIZETE MARIA SOARES \u2013 1653915, na fun\u00e7\u00e3o gratificada de Chefe da\nSe\u00e7\u00e3o de Material e Almoxarifado, FG-03, do Centro de Esta\u00e7\u00f5es Experimentais do\nSetor de Ci\u00eancias Agr\u00e1rias.&nbsp;&nbsp;&nbsp;&nbsp;&nbsp;&nbsp;<\/p>\n\n\n\n<p class=\"has-text-align-right\"><\/p>\n","protected":false},"excerpt":{"rendered":"<p>O Reitor da Universidade Federal do Paran\u00e1, no uso de suas atribui\u00e7\u00f5es e tendo em vista o que consta no processo n\u00ba 23075.003921\/2020-16, RESOLVE: Designar, a partir da data de publica\u00e7\u00e3o em DOU desta Portaria, a servidora JOSIANE DA SILVA TEZOLIN &#8211; 1170019, ocupante do cargo de Revisora de Provas Tipogr\u00e1ficas, lotada na &nbsp;Unidade de [&hellip;]<\/p>\n","protected":false},"author":50,"featured_media":0,"comment_status":"closed","ping_status":"open","sticky":false,"template":"","format":"standard","meta":{"_acf_changed":false,"iawp_total_views":0,"footnotes":""},"categories":[117],"tags":[120],"class_list":["post-58243","post","type-post","status-publish","format-standard","hentry","category-rt","tag-funcao"],"acf":[],"_links":{"self":[{"href":"https:\/\/progepe.ufpr.br\/portarias\/wp-json\/wp\/v2\/posts\/58243","targetHints":{"allow":["GET"]}}],"collection":[{"href":"https:\/\/progepe.ufpr.br\/portarias\/wp-json\/wp\/v2\/posts"}],"about":[{"href":"https:\/\/progepe.ufpr.br\/portarias\/wp-json\/wp\/v2\/types\/post"}],"author":[{"embeddable":true,"href":"https:\/\/progepe.ufpr.br\/portarias\/wp-json\/wp\/v2\/users\/50"}],"replies":[{"embeddable":true,"href":"https:\/\/progepe.ufpr.br\/portarias\/wp-json\/wp\/v2\/comments?post=58243"}],"version-history":[{"count":2,"href":"https:\/\/progepe.ufpr.br\/portarias\/wp-json\/wp\/v2\/posts\/58243\/revisions"}],"predecessor-version":[{"id":90663,"href":"https:\/\/progepe.ufpr.br\/portarias\/wp-json\/wp\/v2\/posts\/58243\/revisions\/90663"}],"wp:attachment":[{"href":"https:\/\/progepe.ufpr.br\/portarias\/wp-json\/wp\/v2\/media?parent=58243"}],"wp:term":[{"taxonomy":"category","embeddable":true,"href":"https:\/\/progepe.ufpr.br\/portarias\/wp-json\/wp\/v2\/categories?post=58243"},{"taxonomy":"post_tag","embeddable":true,"href":"https:\/\/progepe.ufpr.br\/portarias\/wp-json\/wp\/v2\/tags?post=58243"}],"curies":[{"name":"wp","href":"https:\/\/api.w.org\/{rel}","templated":true}]}}