{"id":58263,"date":"2020-10-19T05:03:00","date_gmt":"2020-10-19T08:03:00","guid":{"rendered":"http:\/\/progepe.ufpr.br\/portal\/?post_type=portarias&#038;p=58263"},"modified":"2023-08-03T13:20:32","modified_gmt":"2023-08-03T16:20:32","slug":"rt-2020-01421","status":"publish","type":"post","link":"https:\/\/progepe.ufpr.br\/portarias\/rt-2020-01421\/","title":{"rendered":"PORTARIA N\u00ba 01421\/REITORIA, DE 19 DE OUTUBRO DE 2020"},"content":{"rendered":"\n<p><strong>O\nReitor da Universidade Federal do Paran\u00e1, <\/strong>no uso de suas atribui\u00e7\u00f5es,\nconsiderando o constante no Art. 91 da Lei n\u00ba 8.112\/90; Portaria n\u00ba 35, de 01\nde mar\u00e7o de 2016, da Secretaria de Gest\u00e3o de Pessoas e Rela\u00e7\u00f5es do Trabalho no\nServi\u00e7o P\u00fablico; e, o que consta no processo n\u00ba 23075.042844\/2020-10,<\/p>\n\n\n\n<p>RESOLVE:<\/p>\n\n\n\n<p>Autorizar,\na partir de 01 de dezembro de 2020 a 30 de maio de 2021, a prorroga\u00e7\u00e3o da\nlicen\u00e7a para tratar de interesses particulares, sem remunera\u00e7\u00e3o, da servidora ROSANA\nNOGUEIRA DE MORAES &#8211; 344037, ocupante do cargo de Professora\ndo Magist\u00e9rio Superior, lotada no Departamento de Fisiologia do Setor de\nCi\u00eancias Biol\u00f3gicas.<\/p>\n\n\n\n<p class=\"has-text-align-right\"><\/p>\n","protected":false},"excerpt":{"rendered":"<p>Autorizar, a partir de 01 de dezembro de 2020 a 30 de maio de 2021, a prorroga\u00e7\u00e3o da licen\u00e7a para tratar de interesses particulares, sem remunera\u00e7\u00e3o, da servidora ROSANA NOGUEIRA DE MORAES &#8211; 344037, ocupante do cargo de Professora do Magist\u00e9rio Superior, lotada no Departamento de Fisiologia do Setor de Ci\u00eancias Biol\u00f3gicas.  <!-- wp:paragraph {\"align\":\"right\"} \n\n<p class=\"has-text-align-right\">\n<\/p>\n","protected":false},"author":49,"featured_media":0,"comment_status":"closed","ping_status":"open","sticky":false,"template":"","format":"standard","meta":{"_acf_changed":false,"iawp_total_views":0,"footnotes":""},"categories":[117],"tags":[123],"class_list":["post-58263","post","type-post","status-publish","format-standard","hentry","category-rt","tag-afastamento-licenca"],"acf":[],"_links":{"self":[{"href":"https:\/\/progepe.ufpr.br\/portarias\/wp-json\/wp\/v2\/posts\/58263","targetHints":{"allow":["GET"]}}],"collection":[{"href":"https:\/\/progepe.ufpr.br\/portarias\/wp-json\/wp\/v2\/posts"}],"about":[{"href":"https:\/\/progepe.ufpr.br\/portarias\/wp-json\/wp\/v2\/types\/post"}],"author":[{"embeddable":true,"href":"https:\/\/progepe.ufpr.br\/portarias\/wp-json\/wp\/v2\/users\/49"}],"replies":[{"embeddable":true,"href":"https:\/\/progepe.ufpr.br\/portarias\/wp-json\/wp\/v2\/comments?post=58263"}],"version-history":[{"count":2,"href":"https:\/\/progepe.ufpr.br\/portarias\/wp-json\/wp\/v2\/posts\/58263\/revisions"}],"predecessor-version":[{"id":90666,"href":"https:\/\/progepe.ufpr.br\/portarias\/wp-json\/wp\/v2\/posts\/58263\/revisions\/90666"}],"wp:attachment":[{"href":"https:\/\/progepe.ufpr.br\/portarias\/wp-json\/wp\/v2\/media?parent=58263"}],"wp:term":[{"taxonomy":"category","embeddable":true,"href":"https:\/\/progepe.ufpr.br\/portarias\/wp-json\/wp\/v2\/categories?post=58263"},{"taxonomy":"post_tag","embeddable":true,"href":"https:\/\/progepe.ufpr.br\/portarias\/wp-json\/wp\/v2\/tags?post=58263"}],"curies":[{"name":"wp","href":"https:\/\/api.w.org\/{rel}","templated":true}]}}