{"id":58274,"date":"2020-10-19T05:04:00","date_gmt":"2020-10-19T08:04:00","guid":{"rendered":"http:\/\/progepe.ufpr.br\/portal\/?post_type=portarias&#038;p=58274"},"modified":"2023-08-03T13:20:33","modified_gmt":"2023-08-03T16:20:33","slug":"rt-2020-01422","status":"publish","type":"post","link":"https:\/\/progepe.ufpr.br\/portarias\/rt-2020-01422\/","title":{"rendered":"PORTARIA N\u00ba 01422\/REITORIA, DE 19 DE OUTUBRO DE 2020"},"content":{"rendered":"\n<p><strong>O\nReitor da Universidade Federal do Paran\u00e1, <\/strong>no uso de suas atribui\u00e7\u00f5es, tendo em\nvista o que consta no processo n\u00ba 23075.070478\/2019-47,<\/p>\n\n\n\n<p>RESOLVE:<\/p>\n\n\n\n<p>I. Autorizar a prorroga\u00e7\u00e3o da\nlicen\u00e7a para prestar colabora\u00e7\u00e3o t\u00e9cnica junto ao Instituto Federal de Educa\u00e7\u00e3o,\nCi\u00eancia e Tecnologia de Santa Catarina, com remunera\u00e7\u00e3o, por 12 (doze) meses, a\npartir de 21 de outubro de 2020, para a servidora MARIA\nAPARECIDA ROSSO &#8211; 1650995, ocupante do cargo de\nBibliotec\u00e1ria &#8211; Documentalista, lotada temporariamente na Coordenadoria de\nPlanejamento de Pessoal da Pr\u00f3-Reitoria de Gest\u00e3o de Pessoas.<\/p>\n\n\n\n<p>II. Fica sob a\nresponsabilidade do Instituto\nFederal de Educa\u00e7\u00e3o, Ci\u00eancia e Tecnologia de Santa Catarina, o encaminhamento\nda frequ\u00eancia da citada servidora, at\u00e9 o 5\u00b0 (quinto) dia \u00fatil\nde cada m\u00eas, junto a esta Institui\u00e7\u00e3o.<\/p>\n\n\n\n<p style=\"text-align:right\">Ricardo Marcelo Fonseca<\/p>\n","protected":false},"excerpt":{"rendered":"<p>I. Autorizar a prorroga\u00e7\u00e3o da licen\u00e7a para prestar colabora\u00e7\u00e3o t\u00e9cnica junto ao Instituto Federal de Educa\u00e7\u00e3o, Ci\u00eancia e Tecnologia de Santa Catarina, com remunera\u00e7\u00e3o, por 12 (doze) meses, a partir de 21 de outubro de 2020, para a servidora MARIA APARECIDA ROSSO &#8211; 1650995, ocupante do cargo de Bibliotec\u00e1ria &#8211; Documentalista, lotada temporariamente na Coordenadoria de Planejamento de Pessoal da Pr\u00f3-Reitoria de Gest\u00e3o de Pessoas.  II. Fica sob a responsabilidade do Instituto Federal de Educa\u00e7\u00e3o, Ci\u00eancia e Tecnologia de Santa Catarina, o encaminhamento da frequ\u00eancia da citada servidora, at\u00e9 o 5\u00b0 (quinto) dia \u00fatil de cada m\u00eas,<\/p>\n","protected":false},"author":49,"featured_media":0,"comment_status":"closed","ping_status":"closed","sticky":false,"template":"","format":"standard","meta":{"_acf_changed":false,"iawp_total_views":2,"footnotes":""},"categories":[117],"tags":[123],"class_list":["post-58274","post","type-post","status-publish","format-standard","hentry","category-rt","tag-afastamento-licenca"],"acf":[],"_links":{"self":[{"href":"https:\/\/progepe.ufpr.br\/portarias\/wp-json\/wp\/v2\/posts\/58274","targetHints":{"allow":["GET"]}}],"collection":[{"href":"https:\/\/progepe.ufpr.br\/portarias\/wp-json\/wp\/v2\/posts"}],"about":[{"href":"https:\/\/progepe.ufpr.br\/portarias\/wp-json\/wp\/v2\/types\/post"}],"author":[{"embeddable":true,"href":"https:\/\/progepe.ufpr.br\/portarias\/wp-json\/wp\/v2\/users\/49"}],"replies":[{"embeddable":true,"href":"https:\/\/progepe.ufpr.br\/portarias\/wp-json\/wp\/v2\/comments?post=58274"}],"version-history":[{"count":1,"href":"https:\/\/progepe.ufpr.br\/portarias\/wp-json\/wp\/v2\/posts\/58274\/revisions"}],"predecessor-version":[{"id":196157,"href":"https:\/\/progepe.ufpr.br\/portarias\/wp-json\/wp\/v2\/posts\/58274\/revisions\/196157"}],"wp:attachment":[{"href":"https:\/\/progepe.ufpr.br\/portarias\/wp-json\/wp\/v2\/media?parent=58274"}],"wp:term":[{"taxonomy":"category","embeddable":true,"href":"https:\/\/progepe.ufpr.br\/portarias\/wp-json\/wp\/v2\/categories?post=58274"},{"taxonomy":"post_tag","embeddable":true,"href":"https:\/\/progepe.ufpr.br\/portarias\/wp-json\/wp\/v2\/tags?post=58274"}],"curies":[{"name":"wp","href":"https:\/\/api.w.org\/{rel}","templated":true}]}}