{"id":58295,"date":"2020-10-19T10:10:00","date_gmt":"2020-10-19T13:10:00","guid":{"rendered":"http:\/\/progepe.ufpr.br\/portal\/?post_type=portarias&#038;p=58295"},"modified":"2023-08-03T12:58:54","modified_gmt":"2023-08-03T15:58:54","slug":"progepe-2020-03028","status":"publish","type":"post","link":"https:\/\/progepe.ufpr.br\/portarias\/progepe-2020-03028\/","title":{"rendered":"PORTARIA N\u00ba 03028\/PROGEPE, DE 19 DE OUTUBRO DE 2020"},"content":{"rendered":"\n<p><strong>A Pr\u00f3-Reitora de Gest\u00e3o de Pessoas da Universidade Federal do Paran\u00e1 em\nexerc\u00edcio,<\/strong> no uso de suas atribui\u00e7\u00f5es, tendo em vista a\ncompet\u00eancia que lhe \u00e9 conferida pela Portaria n\u00ba 2.590, de 26 de setembro de\n1997 e considerando o que consta no processo n\u00ba 23075.021913\/2018-29,<\/p>\n\n\n\n<p>RESOLVE:<\/p>\n\n\n\n<p>Tornar\nsem efeito a Portaria n\u00ba 2.353\/PROGEPE, de 05 de junho de 2019, publicada no\nDOU de 07.06.2019, Se\u00e7\u00e3o 2, p\u00e1g. 37, que retificou a Portaria de aposentadoria\ndo servidor RICARDO\nMENDES JUNIOR &#8211; 341781, tendo em vista o que consta na Portaria n\u00ba\n2.346\/PROGEPE, de 19 de agosto de 2020.<\/p>\n\n\n\n<p style=\"text-align:right\">Lania\nVirginia Busnello Vaz<\/p>\n","protected":false},"excerpt":{"rendered":"<p>Tornar sem efeito a Portaria n\u00ba 2.353\/PROGEPE, de 05 de junho de 2019, publicada no DOU de 07.06.2019, Se\u00e7\u00e3o 2, p\u00e1g. 37, que retificou a Portaria de aposentadoria do servidor RICARDO MENDES JUNIOR &#8211; 341781, tendo em vista o que consta na Portaria n\u00ba 2.346\/PROGEPE, de 19 de agosto de 2020.  <!-- wp:paragraph {\"align\":\"right\"} \n\n<p style=\"text-align:right\">Lania Virginia Busnello Vaz\n<\/p>\n","protected":false},"author":49,"featured_media":0,"comment_status":"closed","ping_status":"closed","sticky":false,"template":"","format":"standard","meta":{"_acf_changed":false,"iawp_total_views":0,"footnotes":""},"categories":[116],"tags":[125],"class_list":["post-58295","post","type-post","status-publish","format-standard","hentry","category-progepe","tag-aposentadoria"],"acf":[],"_links":{"self":[{"href":"https:\/\/progepe.ufpr.br\/portarias\/wp-json\/wp\/v2\/posts\/58295","targetHints":{"allow":["GET"]}}],"collection":[{"href":"https:\/\/progepe.ufpr.br\/portarias\/wp-json\/wp\/v2\/posts"}],"about":[{"href":"https:\/\/progepe.ufpr.br\/portarias\/wp-json\/wp\/v2\/types\/post"}],"author":[{"embeddable":true,"href":"https:\/\/progepe.ufpr.br\/portarias\/wp-json\/wp\/v2\/users\/49"}],"replies":[{"embeddable":true,"href":"https:\/\/progepe.ufpr.br\/portarias\/wp-json\/wp\/v2\/comments?post=58295"}],"version-history":[{"count":1,"href":"https:\/\/progepe.ufpr.br\/portarias\/wp-json\/wp\/v2\/posts\/58295\/revisions"}],"predecessor-version":[{"id":196161,"href":"https:\/\/progepe.ufpr.br\/portarias\/wp-json\/wp\/v2\/posts\/58295\/revisions\/196161"}],"wp:attachment":[{"href":"https:\/\/progepe.ufpr.br\/portarias\/wp-json\/wp\/v2\/media?parent=58295"}],"wp:term":[{"taxonomy":"category","embeddable":true,"href":"https:\/\/progepe.ufpr.br\/portarias\/wp-json\/wp\/v2\/categories?post=58295"},{"taxonomy":"post_tag","embeddable":true,"href":"https:\/\/progepe.ufpr.br\/portarias\/wp-json\/wp\/v2\/tags?post=58295"}],"curies":[{"name":"wp","href":"https:\/\/api.w.org\/{rel}","templated":true}]}}