{"id":58363,"date":"2020-10-23T10:00:00","date_gmt":"2020-10-23T13:00:00","guid":{"rendered":"http:\/\/progepe.ufpr.br\/portal\/?post_type=portarias&#038;p=58363"},"modified":"2024-12-12T14:36:16","modified_gmt":"2024-12-12T17:36:16","slug":"progepe-2020-03062","status":"publish","type":"post","link":"https:\/\/progepe.ufpr.br\/portarias\/progepe-2020-03062\/","title":{"rendered":"PORTARIA N\u00ba 03062\/PROGEPE, DE 23 DE OUTUBRO DE 2020"},"content":{"rendered":"\n<p><strong>A Pr\u00f3-Reitora de Gest\u00e3o de Pessoas da Universidade Federal do Paran\u00e1, em exerc\u00edcio,<\/strong>  no uso de suas atribui\u00e7\u00f5es, tendo em vista a compet\u00eancia que lhe \u00e9  conferida pela Portaria n\u00ba 2.590, de 26 de setembro de 1997 e  considerando o contido nos artigos 18, 19 e 20 da Resolu\u00e7\u00e3o n\u00ba  002\/2000-COPLAD e ainda o contido no processo n\u00ba 23075.056389\/2020-21, <\/p>\n\n\n\n<p>RESOLVE:<\/p>\n\n\n\n<p>Designar para compor a comiss\u00e3o respons\u00e1vel<br> pela terceira etapa da avalia\u00e7\u00e3o de desempenho em est\u00e1gio probat\u00f3rio da<br> servidora ELIZABETE MOREIRA DA CRUZ \u2013 3034947, ocupante do cargo de <br>M\u00e9dico \u00c1rea, lotada na Se\u00e7\u00e3o de Avalia\u00e7\u00e3o e Per\u00edcia de Sa\u00fade da <br>Pr\u00f3-Reitoria de Gest\u00e3o de Pessoas, os seguintes membros:<\/p>\n\n\n\n<ul class=\"wp-block-list\">\n<li>ALCIONE BATISTA LEITE \u2013 2838014<\/li>\n\n\n\n<li>ALLANA DE ALMEIDA ROSA MATOS &#8211; 1025120<\/li>\n\n\n\n<li>DALICIANA ANTUNES CORREA &#8211; 1115605<\/li>\n<\/ul>\n","protected":false},"excerpt":{"rendered":"<p>Designar para compor a comiss\u00e3o respons\u00e1vel<br \/> pela terceira etapa da avalia\u00e7\u00e3o de desempenho em est\u00e1gio probat\u00f3rio da<br \/> servidora ELIZABETE MOREIRA DA CRUZ \u2013 3034947, ocupante do cargo de <br \/>M\u00e9dico \u00c1rea, lotada na Se\u00e7\u00e3o de Avalia\u00e7\u00e3o e Per\u00edcia de Sa\u00fade da <br \/>Pr\u00f3-Reitoria de Gest\u00e3o de Pessoas, os seguintes membros:  <!-- wp:list \n\n<ul class=\"wp-block-list\"><!-- wp:list-item \n\n<li>ALCIONE BATISTA LEITE \u2013 2838014<\/li>\n\n <!-- \/wp:list-item  <!-- wp:list-item \n\n<li>ALLANA DE ALMEIDA ROSA MATOS - 1025120<\/li>\n\n <!-- \/wp:list-item  <!-- wp:list-item \n\n<li>DALICIANA ANTUNES CORREA - 1115605<\/li>\n\n <!-- \/wp:list-item <\/ul>\n\n <!-- \/wp:list\n<\/p>\n","protected":false},"author":48,"featured_media":0,"comment_status":"closed","ping_status":"closed","sticky":false,"template":"","format":"standard","meta":{"_acf_changed":false,"iawp_total_views":2,"footnotes":""},"categories":[116],"tags":[124],"class_list":["post-58363","post","type-post","status-publish","format-standard","hentry","category-progepe","tag-comissao"],"acf":[],"_links":{"self":[{"href":"https:\/\/progepe.ufpr.br\/portarias\/wp-json\/wp\/v2\/posts\/58363","targetHints":{"allow":["GET"]}}],"collection":[{"href":"https:\/\/progepe.ufpr.br\/portarias\/wp-json\/wp\/v2\/posts"}],"about":[{"href":"https:\/\/progepe.ufpr.br\/portarias\/wp-json\/wp\/v2\/types\/post"}],"author":[{"embeddable":true,"href":"https:\/\/progepe.ufpr.br\/portarias\/wp-json\/wp\/v2\/users\/48"}],"replies":[{"embeddable":true,"href":"https:\/\/progepe.ufpr.br\/portarias\/wp-json\/wp\/v2\/comments?post=58363"}],"version-history":[{"count":2,"href":"https:\/\/progepe.ufpr.br\/portarias\/wp-json\/wp\/v2\/posts\/58363\/revisions"}],"predecessor-version":[{"id":258087,"href":"https:\/\/progepe.ufpr.br\/portarias\/wp-json\/wp\/v2\/posts\/58363\/revisions\/258087"}],"wp:attachment":[{"href":"https:\/\/progepe.ufpr.br\/portarias\/wp-json\/wp\/v2\/media?parent=58363"}],"wp:term":[{"taxonomy":"category","embeddable":true,"href":"https:\/\/progepe.ufpr.br\/portarias\/wp-json\/wp\/v2\/categories?post=58363"},{"taxonomy":"post_tag","embeddable":true,"href":"https:\/\/progepe.ufpr.br\/portarias\/wp-json\/wp\/v2\/tags?post=58363"}],"curies":[{"name":"wp","href":"https:\/\/api.w.org\/{rel}","templated":true}]}}