{"id":58458,"date":"2020-10-26T10:01:00","date_gmt":"2020-10-26T13:01:00","guid":{"rendered":"http:\/\/progepe.ufpr.br\/portal\/?post_type=portarias&#038;p=58458"},"modified":"2023-08-03T12:58:59","modified_gmt":"2023-08-03T15:58:59","slug":"progepe-2020-03066","status":"publish","type":"post","link":"https:\/\/progepe.ufpr.br\/portarias\/progepe-2020-03066\/","title":{"rendered":"PORTARIA N\u00ba 03066\/PROGEPE, DE 26 DE OUTUBRO DE 2020"},"content":{"rendered":"\n<p><strong>O Pr\u00f3-Reitor de Gest\u00e3o de Pessoas da Universidade Federal do Paran\u00e1, <\/strong>no  uso de suas atribui\u00e7\u00f5es, tendo em vista a compet\u00eancia que lhe \u00e9  conferida pela Portaria n\u00ba 2.590, de 26 de setembro de 1997, de acordo  com o Art. 10, \u00a7 1\u00ba e 4\u00ba da Lei n\u00ba 11.091\/05; Art. 4\u00ba \u00a7 1\u00ba do Decreto n\u00ba  5.824\/06; Portaria MEC 09\/06; Portaria MEC 39\/11; Parecer MEC  50151\/2015\/DCC\/COLEP\/CGGP\/SAA; Portaria n\u00ba 18.908\/PROGEPE, de  16.08.2016; e, ainda o contido no processo n\u00ba 23075.049513\/2020-01, <\/p>\n\n\n\n<p>RESOLVE:<\/p>\n\n\n\n<p>Conceder progress\u00e3o por capacita\u00e7\u00e3o profissional \u00e0 servidora FERNANDA  TEIXEIRA GUIMARAES SILVA \u2013 1436103, ocupante do cargo de Auxiliar de  Enfermagem, lotada na Servi\u00e7o M\u00e9todos Cardiol\u00f3gicos do Hospital de  Cl\u00ednicas, do n\u00edvel C-03 para o n\u00edvel C-04, padr\u00e3o de Vencimento 11, a  partir de 16 de setembro de 2020, conforme Parecer da Unidade de An\u00e1lise  de T\u00edtulos (3031674), no processo n\u00ba 23075.049513\/2020-01.<\/p>\n\n\n\n<p style=\"text-align:right\"><strong>DOUGLAS ORTIZ HAMERMULLER<\/strong> <\/p>\n","protected":false},"excerpt":{"rendered":"<p>Conceder progress\u00e3o por capacita\u00e7\u00e3o profissional \u00e0 servidora FERNANDA TEIXEIRA GUIMARAES SILVA \u2013 1436103, ocupante do cargo de Auxiliar de Enfermagem, lotada na Servi\u00e7o M\u00e9todos Cardiol\u00f3gicos do Hospital de Cl\u00ednicas, do n\u00edvel C-03 para o n\u00edvel C-04, padr\u00e3o de Vencimento 11, a partir de 16 de setembro de 2020, conforme Parecer da Unidade de An\u00e1lise de T\u00edtulos (3031674), no processo n\u00ba 23075.049513\/2020-01.  <!-- wp:paragraph {\"align\":\"right\"} \n\n<p style=\"text-align:right\"><strong>DOUGLAS ORTIZ HAMERMULLER<\/strong>\n<\/p>\n","protected":false},"author":48,"featured_media":0,"comment_status":"closed","ping_status":"closed","sticky":false,"template":"","format":"standard","meta":{"_acf_changed":false,"iawp_total_views":0,"footnotes":""},"categories":[116],"tags":[143],"class_list":["post-58458","post","type-post","status-publish","format-standard","hentry","category-progepe","tag-progressao-promocao"],"acf":[],"_links":{"self":[{"href":"https:\/\/progepe.ufpr.br\/portarias\/wp-json\/wp\/v2\/posts\/58458","targetHints":{"allow":["GET"]}}],"collection":[{"href":"https:\/\/progepe.ufpr.br\/portarias\/wp-json\/wp\/v2\/posts"}],"about":[{"href":"https:\/\/progepe.ufpr.br\/portarias\/wp-json\/wp\/v2\/types\/post"}],"author":[{"embeddable":true,"href":"https:\/\/progepe.ufpr.br\/portarias\/wp-json\/wp\/v2\/users\/48"}],"replies":[{"embeddable":true,"href":"https:\/\/progepe.ufpr.br\/portarias\/wp-json\/wp\/v2\/comments?post=58458"}],"version-history":[{"count":1,"href":"https:\/\/progepe.ufpr.br\/portarias\/wp-json\/wp\/v2\/posts\/58458\/revisions"}],"predecessor-version":[{"id":196173,"href":"https:\/\/progepe.ufpr.br\/portarias\/wp-json\/wp\/v2\/posts\/58458\/revisions\/196173"}],"wp:attachment":[{"href":"https:\/\/progepe.ufpr.br\/portarias\/wp-json\/wp\/v2\/media?parent=58458"}],"wp:term":[{"taxonomy":"category","embeddable":true,"href":"https:\/\/progepe.ufpr.br\/portarias\/wp-json\/wp\/v2\/categories?post=58458"},{"taxonomy":"post_tag","embeddable":true,"href":"https:\/\/progepe.ufpr.br\/portarias\/wp-json\/wp\/v2\/tags?post=58458"}],"curies":[{"name":"wp","href":"https:\/\/api.w.org\/{rel}","templated":true}]}}