{"id":58557,"date":"2020-10-28T10:11:00","date_gmt":"2020-10-28T13:11:00","guid":{"rendered":"http:\/\/progepe.ufpr.br\/portal\/?post_type=portarias&#038;p=58557"},"modified":"2023-08-03T12:59:01","modified_gmt":"2023-08-03T15:59:01","slug":"progepe-2020-03088","status":"publish","type":"post","link":"https:\/\/progepe.ufpr.br\/portarias\/progepe-2020-03088\/","title":{"rendered":"PORTARIA N\u00ba 03088\/PROGEPE, DE 28 DE OUTUBRO DE 2020"},"content":{"rendered":"\n<p><strong>O Pr\u00f3-Reitor de Gest\u00e3o de Pessoas da Universidade Federal do Paran\u00e1,<\/strong>  no uso de suas atribui\u00e7\u00f5es, tendo em vista a compet\u00eancia que lhe \u00e9  conferida pela Portaria n\u00ba 2.590, de 26 de setembro de 1997; o que  consta no Art. 100 e 103 da Lei n\u00ba 8.112\/90 e ainda o contido no  processo n\u00ba 23075.059000\/2020-08, <\/p>\n\n\n\n<p>RESOLVE:<\/p>\n\n\n\n<p>Averbar, a partir de 26 de outubro de 2020,\n em favor da servidora BRUNA MARINA PORTELA &#8211; 1964447, ocupante do cargo\n de Historiador, lotada no Museu de Arqueologia e Etnologia da UFPR da \nPr\u00f3-Reitoria de Extens\u00e3o e Cultura, o tempo de servi\u00e7o abaixo listado, \npara fins de:<\/p>\n\n\n\n<p>Aposentadoria e disponibilidade:<\/p>\n\n\n\n<table class=\"wp-block-table\"><tbody><tr><td>\n\t\t\tEMPRESA\n\t\t\t<\/td><td>\n\t\t\tPER\u00cdODO\n\t\t\t<\/td><td>\n\t\t\tTOTAL DE DIAS\n\t\t\t<\/td><\/tr><tr><td>\n\t\t\tSECRETARIA DE ESTADO DA ADMINISTRACAO E DA PREVIDENCIA\n\t\t\t<\/td><td>\n\t\t\t01\/03\/2005 a 31\/12\/2005\n\t\t\t<\/td><td>\n\t\t\t306\n\t\t\t<\/td><\/tr><tr><td>\n\t\t\tCONTRIBUI\u00c7\u00c3O INDIVIDUAL\n\t\t\t<\/td><td>\n\t\t\t01\/09\/2008 a 30\/09\/2008\n\t\t\t<\/td><td>\n\t\t\t30\n\t\t\t<\/td><\/tr><tr><td>\n\t\t\tASSOCIACAO DOS AMIGOS DO ARQUIVO PUBLICO DO PARANA\n\t\t\t<\/td><td>\n\t\t\t12\/01\/2009 a 30\/11\/2009&nbsp;\n\t\t\t<\/td><td>\n\t\t\t323<\/td><\/tr><\/tbody><\/table>\n\n\n\n<p style=\"text-align:right\"><strong>DOUGLAS ORTIZ HAMERMULLER<\/strong><\/p>\n","protected":false},"excerpt":{"rendered":"<p>Averbar, a partir de 26 de outubro de 2020, em favor da servidora BRUNA MARINA PORTELA &#8211; 1964447, ocupante do cargo de Historiador, lotada no Museu de Arqueologia e Etnologia da UFPR da Pr\u00f3-Reitoria de Extens\u00e3o e Cultura, o tempo de servi\u00e7o abaixo listado, para fins de:  Aposentadoria e disponibilidade:  <!-- wp:table \n\n<table class=\"wp-block-table\">\n\n<tbody>\n\n<tr>\n\n<td>  EMPRESA  <\/td>\n\n\n\n<td>  PER\u00cdODO  <\/td>\n\n\n\n<td>  TOTAL DE DIAS  <\/td>\n\n<\/tr>\n\n\n\n<tr>\n\n<td>  SECRETARIA DE ESTADO DA ADMINISTRACAO E DA PREVIDENCIA  <\/td>\n\n\n\n<td>  01\/03\/2005 a 31\/12\/2005  <\/td>\n\n\n\n<td>  306  <\/td>\n\n<\/tr>\n\n\n\n<tr>\n\n<td>  CONTRIBUI\u00c7\u00c3O INDIVIDUAL  <\/td>\n\n\n\n<td>  01\/09\/2008\n<\/p>\n","protected":false},"author":48,"featured_media":0,"comment_status":"closed","ping_status":"closed","sticky":false,"template":"","format":"standard","meta":{"_acf_changed":false,"iawp_total_views":0,"footnotes":""},"categories":[116],"tags":[140],"class_list":["post-58557","post","type-post","status-publish","format-standard","hentry","category-progepe","tag-averbacao-desaverbacao"],"acf":[],"_links":{"self":[{"href":"https:\/\/progepe.ufpr.br\/portarias\/wp-json\/wp\/v2\/posts\/58557","targetHints":{"allow":["GET"]}}],"collection":[{"href":"https:\/\/progepe.ufpr.br\/portarias\/wp-json\/wp\/v2\/posts"}],"about":[{"href":"https:\/\/progepe.ufpr.br\/portarias\/wp-json\/wp\/v2\/types\/post"}],"author":[{"embeddable":true,"href":"https:\/\/progepe.ufpr.br\/portarias\/wp-json\/wp\/v2\/users\/48"}],"replies":[{"embeddable":true,"href":"https:\/\/progepe.ufpr.br\/portarias\/wp-json\/wp\/v2\/comments?post=58557"}],"version-history":[{"count":1,"href":"https:\/\/progepe.ufpr.br\/portarias\/wp-json\/wp\/v2\/posts\/58557\/revisions"}],"predecessor-version":[{"id":196190,"href":"https:\/\/progepe.ufpr.br\/portarias\/wp-json\/wp\/v2\/posts\/58557\/revisions\/196190"}],"wp:attachment":[{"href":"https:\/\/progepe.ufpr.br\/portarias\/wp-json\/wp\/v2\/media?parent=58557"}],"wp:term":[{"taxonomy":"category","embeddable":true,"href":"https:\/\/progepe.ufpr.br\/portarias\/wp-json\/wp\/v2\/categories?post=58557"},{"taxonomy":"post_tag","embeddable":true,"href":"https:\/\/progepe.ufpr.br\/portarias\/wp-json\/wp\/v2\/tags?post=58557"}],"curies":[{"name":"wp","href":"https:\/\/api.w.org\/{rel}","templated":true}]}}