{"id":58603,"date":"2020-10-28T10:02:00","date_gmt":"2020-10-28T13:02:00","guid":{"rendered":"http:\/\/progepe.ufpr.br\/portal\/?post_type=portarias&#038;p=58603"},"modified":"2023-08-03T12:59:00","modified_gmt":"2023-08-03T15:59:00","slug":"progepe-2020-03079","status":"publish","type":"post","link":"https:\/\/progepe.ufpr.br\/portarias\/progepe-2020-03079\/","title":{"rendered":"PORTARIA N\u00ba 03079\/PROGEPE, DE 28 DE OUTUBRO DE 2020"},"content":{"rendered":"\n<p><strong>O Pr\u00f3-Reitor de Gest\u00e3o de Pessoas da Universidade Federal do Paran\u00e1, <\/strong>no  uso de suas atribui\u00e7\u00f5es, tendo em vista a compet\u00eancia que lhe \u00e9  conferida pela Portaria n\u00ba 2.590, de 26 de setembro de 1997 e  considerando o que consta no processo n\u00ba 23075.047432\/2020-68; <\/p>\n\n\n\n<p>RESOLVE:<\/p>\n\n\n\n<p> Conceder Aposentadoria Volunt\u00e1ria por Tempo de Contribui\u00e7\u00e3o, nos termos  do Art. 3\u00ba da Emenda Constitucional n\u00ba 47\/05, combinado com o Art. 3\u00ba da  Emenda Constitucional n\u00ba 103\/19, \u00e0 servidora GUADALUPE APARECIDA  VENANCIO BOESING &#8211; 1172062, lotada na Unidade de Produ\u00e7\u00e3o Cultural e  Espa\u00e7os Culturais da Pr\u00f3-Reitoria de Extens\u00e3o e Cultura, ocupante do  cargo de Recepcionista, n\u00edvel de classifica\u00e7\u00e3o C, n\u00edvel de capacita\u00e7\u00e3o  IV e padr\u00e3o de vencimento 11, no regime de trabalho de 40 (quarenta)  horas semanais, com o vencimento do mencionado cargo, mais a  Gratifica\u00e7\u00e3o Adicional por Tempo de Servi\u00e7o, prevista no Art. 67 da Lei  n\u00b0 8.112\/90, no \u00edndice de 4% (quatro por cento), calculada sobre o  vencimento b\u00e1sico, mais o Incentivo \u00e0 Qualifica\u00e7\u00e3o, Decreto n\u00ba 5.824\/06. <\/p>\n\n\n\n<p class=\"has-text-align-right\"><\/p>\n","protected":false},"excerpt":{"rendered":"<p>Conceder Aposentadoria Volunt\u00e1ria por Tempo de Contribui\u00e7\u00e3o, nos termos do Art. 3\u00ba da Emenda Constitucional n\u00ba 47\/05, combinado com o Art. 3\u00ba da Emenda Constitucional n\u00ba 103\/19, \u00e0 servidora GUADALUPE APARECIDA VENANCIO BOESING &#8211; 1172062, lotada na Unidade de Produ\u00e7\u00e3o Cultural e Espa\u00e7os Culturais da Pr\u00f3-Reitoria de Extens\u00e3o e Cultura, ocupante do cargo de Recepcionista, n\u00edvel de classifica\u00e7\u00e3o C, n\u00edvel de capacita\u00e7\u00e3o IV e padr\u00e3o de vencimento 11, no regime de trabalho de 40 (quarenta) horas semanais, com o vencimento do mencionado cargo, mais a Gratifica\u00e7\u00e3o Adicional por Tempo de Servi\u00e7o, prevista no Art. 67 da Lei<\/p>\n","protected":false},"author":48,"featured_media":0,"comment_status":"closed","ping_status":"open","sticky":false,"template":"","format":"standard","meta":{"_acf_changed":false,"iawp_total_views":0,"footnotes":""},"categories":[116],"tags":[125],"class_list":["post-58603","post","type-post","status-publish","format-standard","hentry","category-progepe","tag-aposentadoria"],"acf":[],"_links":{"self":[{"href":"https:\/\/progepe.ufpr.br\/portarias\/wp-json\/wp\/v2\/posts\/58603","targetHints":{"allow":["GET"]}}],"collection":[{"href":"https:\/\/progepe.ufpr.br\/portarias\/wp-json\/wp\/v2\/posts"}],"about":[{"href":"https:\/\/progepe.ufpr.br\/portarias\/wp-json\/wp\/v2\/types\/post"}],"author":[{"embeddable":true,"href":"https:\/\/progepe.ufpr.br\/portarias\/wp-json\/wp\/v2\/users\/48"}],"replies":[{"embeddable":true,"href":"https:\/\/progepe.ufpr.br\/portarias\/wp-json\/wp\/v2\/comments?post=58603"}],"version-history":[{"count":2,"href":"https:\/\/progepe.ufpr.br\/portarias\/wp-json\/wp\/v2\/posts\/58603\/revisions"}],"predecessor-version":[{"id":90690,"href":"https:\/\/progepe.ufpr.br\/portarias\/wp-json\/wp\/v2\/posts\/58603\/revisions\/90690"}],"wp:attachment":[{"href":"https:\/\/progepe.ufpr.br\/portarias\/wp-json\/wp\/v2\/media?parent=58603"}],"wp:term":[{"taxonomy":"category","embeddable":true,"href":"https:\/\/progepe.ufpr.br\/portarias\/wp-json\/wp\/v2\/categories?post=58603"},{"taxonomy":"post_tag","embeddable":true,"href":"https:\/\/progepe.ufpr.br\/portarias\/wp-json\/wp\/v2\/tags?post=58603"}],"curies":[{"name":"wp","href":"https:\/\/api.w.org\/{rel}","templated":true}]}}