{"id":58627,"date":"2020-10-28T10:13:00","date_gmt":"2020-10-28T13:13:00","guid":{"rendered":"http:\/\/progepe.ufpr.br\/portal\/?post_type=portarias&#038;p=58627"},"modified":"2023-10-04T10:06:34","modified_gmt":"2023-10-04T13:06:34","slug":"progepe-2020-03090","status":"publish","type":"post","link":"https:\/\/progepe.ufpr.br\/portarias\/progepe-2020-03090\/","title":{"rendered":"PORTARIA N\u00ba 03090\/PROGEPE, DE 28 DE OUTUBRO DE 2020"},"content":{"rendered":"\n<p>O Pr\u00f3-Reitor de Gest\u00e3o de Pessoas da Universidade Federal do Paran\u00e1,&nbsp;no uso de suas atribui\u00e7\u00f5es, tendo em vista a compet\u00eancia que lhe \u00e9 conferida pela Portaria n\u00ba 2.590, de 26 de setembro de 1997, considerando o que consta na Resolu\u00e7\u00e3o n\u00ba 10\/2014-CEPE e ainda o que consta no processo n\u00ba 23075.216759\/2017-91,<\/p>\n\n\n\n<p><strong>RESOLVE:<\/strong><\/p>\n\n\n\n<p>Tornar sem efeito a Portaria n\u00ba 371\/PROGEPE, de 23 de janeiro de 2018, que concedeu&nbsp;progress\u00e3o funcional ao servidor GERALDO PICHETH &#8211; 343899, ocupante do cargo de Professor do Magist\u00e9rio Superior, lotado no Departamento de An\u00e1lises Cl\u00ednicas do Setor de Ci\u00eancias da Sa\u00fade, considerando&nbsp;os termos do&nbsp;Parecer de For\u00e7a Execut\u00f3ria&nbsp;n\u00ba 00078\/2020\/SEGAP\/PFPR\/PGF\/AGU&nbsp;(23075.030126\/2019-59), ap\u00f3s o atendimento do contido na Portaria 2346\/PROGEPE de 19 de agosto de 2020, e efetivos registros nos processos&nbsp;23075.015456\/2018-33 e&nbsp;23075.146072\/2016-08.<\/p>\n","protected":false},"excerpt":{"rendered":"<p>Tornar sem efeito a Portaria n\u00ba 371\/PROGEPE, de 23 de janeiro de 2018, que concedeu&nbsp;progress\u00e3o funcional ao servidor GERALDO PICHETH &#8211; 343899, ocupante do cargo de Professor do Magist\u00e9rio Superior, lotado no Departamento de An\u00e1lises Cl\u00ednicas do Setor de Ci\u00eancias da Sa\u00fade, considerando&nbsp;os termos do&nbsp;Parecer de For\u00e7a Execut\u00f3ria&nbsp;n\u00ba 00078\/2020\/SEGAP\/PFPR\/PGF\/AGU&nbsp;(23075.030126\/2019-59), ap\u00f3s o atendimento do contido na Portaria 2346\/PROGEPE de 19 de agosto de 2020, e efetivos registros nos processos&nbsp;23075.015456\/2018-33 e&nbsp;23075.146072\/2016-08.<\/p>\n","protected":false},"author":48,"featured_media":0,"comment_status":"closed","ping_status":"closed","sticky":false,"template":"","format":"standard","meta":{"_acf_changed":false,"iawp_total_views":0,"footnotes":""},"categories":[116],"tags":[143],"class_list":["post-58627","post","type-post","status-publish","format-standard","hentry","category-progepe","tag-progressao-promocao"],"acf":[],"_links":{"self":[{"href":"https:\/\/progepe.ufpr.br\/portarias\/wp-json\/wp\/v2\/posts\/58627","targetHints":{"allow":["GET"]}}],"collection":[{"href":"https:\/\/progepe.ufpr.br\/portarias\/wp-json\/wp\/v2\/posts"}],"about":[{"href":"https:\/\/progepe.ufpr.br\/portarias\/wp-json\/wp\/v2\/types\/post"}],"author":[{"embeddable":true,"href":"https:\/\/progepe.ufpr.br\/portarias\/wp-json\/wp\/v2\/users\/48"}],"replies":[{"embeddable":true,"href":"https:\/\/progepe.ufpr.br\/portarias\/wp-json\/wp\/v2\/comments?post=58627"}],"version-history":[{"count":7,"href":"https:\/\/progepe.ufpr.br\/portarias\/wp-json\/wp\/v2\/posts\/58627\/revisions"}],"predecessor-version":[{"id":252379,"href":"https:\/\/progepe.ufpr.br\/portarias\/wp-json\/wp\/v2\/posts\/58627\/revisions\/252379"}],"wp:attachment":[{"href":"https:\/\/progepe.ufpr.br\/portarias\/wp-json\/wp\/v2\/media?parent=58627"}],"wp:term":[{"taxonomy":"category","embeddable":true,"href":"https:\/\/progepe.ufpr.br\/portarias\/wp-json\/wp\/v2\/categories?post=58627"},{"taxonomy":"post_tag","embeddable":true,"href":"https:\/\/progepe.ufpr.br\/portarias\/wp-json\/wp\/v2\/tags?post=58627"}],"curies":[{"name":"wp","href":"https:\/\/api.w.org\/{rel}","templated":true}]}}