{"id":58992,"date":"2020-11-06T05:01:00","date_gmt":"2020-11-06T08:01:00","guid":{"rendered":"http:\/\/progepe.ufpr.br\/portal\/?post_type=portarias&#038;p=58992"},"modified":"2023-08-03T13:20:37","modified_gmt":"2023-08-03T16:20:37","slug":"rt-2020-01455","status":"publish","type":"post","link":"https:\/\/progepe.ufpr.br\/portarias\/rt-2020-01455\/","title":{"rendered":"PORTARIA N\u00ba 01455\/REITORIA, DE 06 DE NOVEMBRO DE 2020"},"content":{"rendered":"\n<p><strong>O Reitor da Universidade Federal do Paran\u00e1, <\/strong>no uso de\nsuas atribui\u00e7\u00f5es e tendo em vista o que consta no processo n\u00ba 23075.018271\/2020-03,<\/p>\n\n\n\n<p>RESOLVE:<\/p>\n\n\n\n<p>I. Prorrogar, com base Despacho n\u00ba 463\/2020-UFPR\/R\/GAB\/CAR,\nat\u00e9 22 de novembro de 2020 o prazo de ado\u00e7\u00e3o obrigat\u00f3ria do regime de trabalho\nremoto para todos os servidores t\u00e9cnicos administrativos, docentes e\nestagi\u00e1rios, em todas as unidades da UFPR, estabelecida&nbsp;pela Portaria n\u00ba\n754\/REITORIA, de 19 de mar\u00e7o de 2020.<\/p>\n\n\n\n<p> II. Recomendar, conforme itens \u201ca\u201d e \u201cb\u201d, a retomada das atividades indispens\u00e1veis e inadi\u00e1veis, seguindo os protocolos de seguran\u00e7a sanit\u00e1ria, as instru\u00e7\u00f5es de seguran\u00e7a dos \u00f3rg\u00e3os de sa\u00fade e da Nota T\u00e9cnica n\u00ba 06 da Comiss\u00e3o de Acompanhamento da COVID-19 na UFPR: <\/p>\n\n\n\n<p>a) Para atividades presenciais necess\u00e1rias a admiss\u00e3o de novos servidores e de per\u00edcia m\u00e9dica; e, <\/p>\n\n\n\n<p>b) Para atividades dos Hospitais Veterin\u00e1rios, a ju\u00edzo de suas dire\u00e7\u00f5es. <\/p>\n\n\n\n<p class=\"has-text-align-right\"><\/p>\n","protected":false},"excerpt":{"rendered":"<p>I. Prorrogar, com base Despacho n\u00ba 463\/2020-UFPR\/R\/GAB\/CAR, at\u00e9 22 de novembro de 2020 o prazo de ado\u00e7\u00e3o obrigat\u00f3ria do regime de trabalho remoto para todos os servidores t\u00e9cnicos administrativos, docentes e estagi\u00e1rios, em todas as unidades da UFPR, estabelecida&nbsp;pela Portaria n\u00ba 754\/REITORIA, de 19 de mar\u00e7o de 2020.   II. Recomendar, conforme itens \u201ca\u201d e \u201cb\u201d, a retomada das atividades indispens\u00e1veis e inadi\u00e1veis, seguindo os protocolos de seguran\u00e7a sanit\u00e1ria, as instru\u00e7\u00f5es de seguran\u00e7a dos \u00f3rg\u00e3os de sa\u00fade e da Nota T\u00e9cnica n\u00ba 06 da Comiss\u00e3o de Acompanhamento da COVID-19 na UFPR:   a) Para atividades presenciais<\/p>\n","protected":false},"author":49,"featured_media":0,"comment_status":"closed","ping_status":"open","sticky":false,"template":"","format":"standard","meta":{"_acf_changed":false,"iawp_total_views":0,"footnotes":""},"categories":[117],"tags":[119],"class_list":["post-58992","post","type-post","status-publish","format-standard","hentry","category-rt","tag-diversos"],"acf":[],"_links":{"self":[{"href":"https:\/\/progepe.ufpr.br\/portarias\/wp-json\/wp\/v2\/posts\/58992","targetHints":{"allow":["GET"]}}],"collection":[{"href":"https:\/\/progepe.ufpr.br\/portarias\/wp-json\/wp\/v2\/posts"}],"about":[{"href":"https:\/\/progepe.ufpr.br\/portarias\/wp-json\/wp\/v2\/types\/post"}],"author":[{"embeddable":true,"href":"https:\/\/progepe.ufpr.br\/portarias\/wp-json\/wp\/v2\/users\/49"}],"replies":[{"embeddable":true,"href":"https:\/\/progepe.ufpr.br\/portarias\/wp-json\/wp\/v2\/comments?post=58992"}],"version-history":[{"count":2,"href":"https:\/\/progepe.ufpr.br\/portarias\/wp-json\/wp\/v2\/posts\/58992\/revisions"}],"predecessor-version":[{"id":90719,"href":"https:\/\/progepe.ufpr.br\/portarias\/wp-json\/wp\/v2\/posts\/58992\/revisions\/90719"}],"wp:attachment":[{"href":"https:\/\/progepe.ufpr.br\/portarias\/wp-json\/wp\/v2\/media?parent=58992"}],"wp:term":[{"taxonomy":"category","embeddable":true,"href":"https:\/\/progepe.ufpr.br\/portarias\/wp-json\/wp\/v2\/categories?post=58992"},{"taxonomy":"post_tag","embeddable":true,"href":"https:\/\/progepe.ufpr.br\/portarias\/wp-json\/wp\/v2\/tags?post=58992"}],"curies":[{"name":"wp","href":"https:\/\/api.w.org\/{rel}","templated":true}]}}