{"id":59011,"date":"2020-10-26T05:02:00","date_gmt":"2020-10-26T08:02:00","guid":{"rendered":"http:\/\/progepe.ufpr.br\/portal\/?post_type=portarias&#038;p=59011"},"modified":"2023-08-03T13:20:34","modified_gmt":"2023-08-03T16:20:34","slug":"rt-2020-01436","status":"publish","type":"post","link":"https:\/\/progepe.ufpr.br\/portarias\/rt-2020-01436\/","title":{"rendered":"PORTARIA N\u00ba 01436\/REITORIA, DE 26 DE OUTUBRO DE 2020"},"content":{"rendered":"\n<p><strong>O Reitor da Universidade Federal do Paran\u00e1, <\/strong>no uso de suas atribui\u00e7\u00f5es&nbsp;e tendo em vista o que consta no processo n\u00ba 23075.054552\/2020-11, <\/p>\n\n\n\n<p>RESOLVE: <\/p>\n\n\n\n<p>Exonerar, a pedido,&nbsp;a partir de 09 de novembro\nde 2020, o servidor FERNANDO MANCINI&nbsp;&#8211; 1297268, da fun\u00e7\u00e3o de Coordenador\nde Curso de Gradua\u00e7\u00e3o do Setor de Ci\u00eancias da Terra, FCC \u2013 Fun\u00e7\u00e3o Comissionada\nde Coordena\u00e7\u00e3o de Curso (Curso de Geologia).<\/p>\n\n\n\n<p style=\"text-align:right\"><strong>RICARDO\nMARCELO FONSECA<\/strong><\/p>\n","protected":false},"excerpt":{"rendered":"<p>O Reitor da Universidade Federal do Paran\u00e1, no uso de suas atribui\u00e7\u00f5es&nbsp;e tendo em vista o que consta no processo n\u00ba 23075.054552\/2020-11, RESOLVE: Exonerar, a pedido,&nbsp;a partir de 09 de novembro de 2020, o servidor FERNANDO MANCINI&nbsp;&#8211; 1297268, da fun\u00e7\u00e3o de Coordenador de Curso de Gradua\u00e7\u00e3o do Setor de Ci\u00eancias da Terra, FCC \u2013 Fun\u00e7\u00e3o [&hellip;]<\/p>\n","protected":false},"author":50,"featured_media":0,"comment_status":"closed","ping_status":"closed","sticky":false,"template":"","format":"standard","meta":{"_acf_changed":false,"iawp_total_views":0,"footnotes":""},"categories":[117],"tags":[120],"class_list":["post-59011","post","type-post","status-publish","format-standard","hentry","category-rt","tag-funcao"],"acf":[],"_links":{"self":[{"href":"https:\/\/progepe.ufpr.br\/portarias\/wp-json\/wp\/v2\/posts\/59011","targetHints":{"allow":["GET"]}}],"collection":[{"href":"https:\/\/progepe.ufpr.br\/portarias\/wp-json\/wp\/v2\/posts"}],"about":[{"href":"https:\/\/progepe.ufpr.br\/portarias\/wp-json\/wp\/v2\/types\/post"}],"author":[{"embeddable":true,"href":"https:\/\/progepe.ufpr.br\/portarias\/wp-json\/wp\/v2\/users\/50"}],"replies":[{"embeddable":true,"href":"https:\/\/progepe.ufpr.br\/portarias\/wp-json\/wp\/v2\/comments?post=59011"}],"version-history":[{"count":1,"href":"https:\/\/progepe.ufpr.br\/portarias\/wp-json\/wp\/v2\/posts\/59011\/revisions"}],"predecessor-version":[{"id":196236,"href":"https:\/\/progepe.ufpr.br\/portarias\/wp-json\/wp\/v2\/posts\/59011\/revisions\/196236"}],"wp:attachment":[{"href":"https:\/\/progepe.ufpr.br\/portarias\/wp-json\/wp\/v2\/media?parent=59011"}],"wp:term":[{"taxonomy":"category","embeddable":true,"href":"https:\/\/progepe.ufpr.br\/portarias\/wp-json\/wp\/v2\/categories?post=59011"},{"taxonomy":"post_tag","embeddable":true,"href":"https:\/\/progepe.ufpr.br\/portarias\/wp-json\/wp\/v2\/tags?post=59011"}],"curies":[{"name":"wp","href":"https:\/\/api.w.org\/{rel}","templated":true}]}}