{"id":59016,"date":"2020-11-04T05:00:00","date_gmt":"2020-11-04T08:00:00","guid":{"rendered":"http:\/\/progepe.ufpr.br\/portal\/?post_type=portarias&#038;p=59016"},"modified":"2023-08-03T13:20:36","modified_gmt":"2023-08-03T16:20:36","slug":"rt-2020-01446","status":"publish","type":"post","link":"https:\/\/progepe.ufpr.br\/portarias\/rt-2020-01446\/","title":{"rendered":"PORTARIA N\u00ba 01446\/REITORIA, DE 04 DE NOVEMBRO DE 2020"},"content":{"rendered":"\n<p><strong>O Reitor da Universidade Federal do Paran\u00e1, <\/strong>no uso de suas atribui\u00e7\u00f5es, tendo em vista o que consta no artigo 50, \u00a7 1\u00ba do Estatuto desta Universidade e o que consta no processo n\u00ba 23075.059128\/2020-63, <\/p>\n\n\n\n<p>RESOLVE: <\/p>\n\n\n\n<p>I.&nbsp;Exonerar, a&nbsp;partir da data de\npublica\u00e7\u00e3o em DOU desta Portaria, a servidora ADRIANA AHRENDT TALAMINI &#8211;\n2356642, da fun\u00e7\u00e3o de Vice-Coordenadora de Curso de Gradua\u00e7\u00e3o do Setor de\nCi\u00eancias da Terra (Curso de Geologia).<\/p>\n\n\n\n<p>II. Designar a servidora ADRIANA AHRENDT TALAMINI &#8211;\n2356642, ocupante do cargo de Professora, no regime de trabalho de dedica\u00e7\u00e3o\nexclusiva, para exercer, de acordo com o Art. 2\u00ba, II, combinado com o Art. 4\u00ba\nda Resolu\u00e7\u00e3o n\u00ba 04\/95 \u2013 COUN, a fun\u00e7\u00e3o de Coordenadora de Curso de Gradua\u00e7\u00e3o do\nSetor de Ci\u00eancias da Terra, FCC \u2013 Fun\u00e7\u00e3o Comissionada de Coordena\u00e7\u00e3o de Curso\n(Curso de Geologia), a&nbsp;partir da data de publica\u00e7\u00e3o em DOU desta Portaria\na 24 de outubro de 2021, t\u00e9rmino do mandato.<\/p>\n\n\n\n<p>III.&nbsp;A mencionada docente cumprir\u00e1,\nobrigatoriamente, o regime de trabalho de tempo integral, de acordo com o\ndisposto no \u00a7 5\u00ba, artigo 1\u00ba da Lei n\u00ba 8.168\/91.<\/p>\n\n\n\n<p style=\"text-align:right\"><strong>RICARDO\nMARCELO FONSECA<\/strong><\/p>\n","protected":false},"excerpt":{"rendered":"<p>O Reitor da Universidade Federal do Paran\u00e1, no uso de suas atribui\u00e7\u00f5es, tendo em vista o que consta no artigo 50, \u00a7 1\u00ba do Estatuto desta Universidade e o que consta no processo n\u00ba 23075.059128\/2020-63, RESOLVE: I.&nbsp;Exonerar, a&nbsp;partir da data de publica\u00e7\u00e3o em DOU desta Portaria, a servidora ADRIANA AHRENDT TALAMINI &#8211; 2356642, da fun\u00e7\u00e3o [&hellip;]<\/p>\n","protected":false},"author":50,"featured_media":0,"comment_status":"closed","ping_status":"closed","sticky":false,"template":"","format":"standard","meta":{"_acf_changed":false,"iawp_total_views":0,"footnotes":""},"categories":[117],"tags":[120],"class_list":["post-59016","post","type-post","status-publish","format-standard","hentry","category-rt","tag-funcao"],"acf":[],"_links":{"self":[{"href":"https:\/\/progepe.ufpr.br\/portarias\/wp-json\/wp\/v2\/posts\/59016","targetHints":{"allow":["GET"]}}],"collection":[{"href":"https:\/\/progepe.ufpr.br\/portarias\/wp-json\/wp\/v2\/posts"}],"about":[{"href":"https:\/\/progepe.ufpr.br\/portarias\/wp-json\/wp\/v2\/types\/post"}],"author":[{"embeddable":true,"href":"https:\/\/progepe.ufpr.br\/portarias\/wp-json\/wp\/v2\/users\/50"}],"replies":[{"embeddable":true,"href":"https:\/\/progepe.ufpr.br\/portarias\/wp-json\/wp\/v2\/comments?post=59016"}],"version-history":[{"count":1,"href":"https:\/\/progepe.ufpr.br\/portarias\/wp-json\/wp\/v2\/posts\/59016\/revisions"}],"predecessor-version":[{"id":196237,"href":"https:\/\/progepe.ufpr.br\/portarias\/wp-json\/wp\/v2\/posts\/59016\/revisions\/196237"}],"wp:attachment":[{"href":"https:\/\/progepe.ufpr.br\/portarias\/wp-json\/wp\/v2\/media?parent=59016"}],"wp:term":[{"taxonomy":"category","embeddable":true,"href":"https:\/\/progepe.ufpr.br\/portarias\/wp-json\/wp\/v2\/categories?post=59016"},{"taxonomy":"post_tag","embeddable":true,"href":"https:\/\/progepe.ufpr.br\/portarias\/wp-json\/wp\/v2\/tags?post=59016"}],"curies":[{"name":"wp","href":"https:\/\/api.w.org\/{rel}","templated":true}]}}