{"id":59056,"date":"2020-11-05T10:07:00","date_gmt":"2020-11-05T13:07:00","guid":{"rendered":"http:\/\/progepe.ufpr.br\/portal\/?post_type=portarias&#038;p=59056"},"modified":"2023-08-03T12:59:07","modified_gmt":"2023-08-03T15:59:07","slug":"progepe-2020-03133","status":"publish","type":"post","link":"https:\/\/progepe.ufpr.br\/portarias\/progepe-2020-03133\/","title":{"rendered":"PORTARIA N\u00ba 03133\/PROGEPE, DE 05 DE NOVEMBRO DE 2020"},"content":{"rendered":"\n<p><strong>O Pr\u00f3-Reitor de Gest\u00e3o de Pessoas da Universidade Federal do Paran\u00e1,\u00a0<\/strong>no  uso de suas atribui\u00e7\u00f5es, tendo em vista a compet\u00eancia que lhe \u00e9  conferida pela Portaria n\u00ba 2.590, de 26 de setembro de 1997,  considerando o que consta na Resolu\u00e7\u00e3o n\u00ba 14\/2014-CEPE, alterada pela  Resolu\u00e7\u00e3o n\u00ba 16\/2014, e ainda o que consta no processo n\u00ba  23075.087464\/2019-62, <\/p>\n\n\n\n<p>RESOLVE:<\/p>\n\n\n\n<p>Tornar sem efeito a Portaria 1648\/PROGEPE, de 02 de junho de 2020, que  concedeu\u00a0\u00a0progress\u00e3o funcional ao servidor SAVIO MARCELO LEITE MOREIRA  DA SILVA \u2013 1047843, lotado no Setor de Educa\u00e7\u00e3o Profissional e  Tecnol\u00f3gica, considerando os termos do Parecer de For\u00e7a Execut\u00f3ria n\u00ba  00078\/2020\/SEGAP\/PFPR\/PGF\/AGU (doc. SEI n\u00ba <a rel=\"noreferrer noopener\" href=\"https:\/\/sei.ufpr.br\/sei\/web\/controlador.php?acao=protocolo_visualizar&amp;id_protocolo=3102506&amp;id_procedimento_atual=2546084&amp;infra_sistema=100000100&amp;infra_unidade_atual=440&amp;infra_hash=27569c795533f5f4e5442a0cdf567e42abfba040d3d4bc19ba76a60b6a809434\" target=\"_blank\">2873974<\/a>), e ap\u00f3s os devidos registros no processo 23075.220063\/2017-69.<\/p>\n\n\n\n<p style=\"text-align:right\"><strong>DOUGLAS ORTIZ HAMERMULLER<\/strong><\/p>\n","protected":false},"excerpt":{"rendered":"<p>Tornar sem efeito a Portaria 1648\/PROGEPE, de 02 de junho de 2020, que concedeu\u00a0\u00a0progress\u00e3o funcional ao servidor SAVIO MARCELO LEITE MOREIRA DA SILVA \u2013 1047843, lotado no Setor de Educa\u00e7\u00e3o Profissional e Tecnol\u00f3gica, considerando os termos do Parecer de For\u00e7a Execut\u00f3ria n\u00ba 00078\/2020\/SEGAP\/PFPR\/PGF\/AGU (doc. SEI n\u00ba <a rel=\"noreferrer noopener\" href=\"https:\/\/sei.ufpr.br\/sei\/web\/controlador.php?acao=protocolo_visualizar&amp;id_protocolo=3102506&amp;id_procedimento_atual=2546084&amp;infra_sistema=100000100&amp;infra_unidade_atual=440&amp;infra_hash=27569c795533f5f4e5442a0cdf567e42abfba040d3d4bc19ba76a60b6a809434\" target=\"_blank\">2873974<\/a>), e ap\u00f3s os devidos registros no processo 23075.220063\/2017-69.  <!-- wp:paragraph {\"align\":\"right\"} \n\n<p style=\"text-align:right\"><strong>DOUGLAS ORTIZ HAMERMULLER<\/strong>\n<\/p>\n","protected":false},"author":48,"featured_media":0,"comment_status":"closed","ping_status":"closed","sticky":false,"template":"","format":"standard","meta":{"_acf_changed":false,"iawp_total_views":0,"footnotes":""},"categories":[116],"tags":[143],"class_list":["post-59056","post","type-post","status-publish","format-standard","hentry","category-progepe","tag-progressao-promocao"],"acf":[],"_links":{"self":[{"href":"https:\/\/progepe.ufpr.br\/portarias\/wp-json\/wp\/v2\/posts\/59056","targetHints":{"allow":["GET"]}}],"collection":[{"href":"https:\/\/progepe.ufpr.br\/portarias\/wp-json\/wp\/v2\/posts"}],"about":[{"href":"https:\/\/progepe.ufpr.br\/portarias\/wp-json\/wp\/v2\/types\/post"}],"author":[{"embeddable":true,"href":"https:\/\/progepe.ufpr.br\/portarias\/wp-json\/wp\/v2\/users\/48"}],"replies":[{"embeddable":true,"href":"https:\/\/progepe.ufpr.br\/portarias\/wp-json\/wp\/v2\/comments?post=59056"}],"version-history":[{"count":1,"href":"https:\/\/progepe.ufpr.br\/portarias\/wp-json\/wp\/v2\/posts\/59056\/revisions"}],"predecessor-version":[{"id":196242,"href":"https:\/\/progepe.ufpr.br\/portarias\/wp-json\/wp\/v2\/posts\/59056\/revisions\/196242"}],"wp:attachment":[{"href":"https:\/\/progepe.ufpr.br\/portarias\/wp-json\/wp\/v2\/media?parent=59056"}],"wp:term":[{"taxonomy":"category","embeddable":true,"href":"https:\/\/progepe.ufpr.br\/portarias\/wp-json\/wp\/v2\/categories?post=59056"},{"taxonomy":"post_tag","embeddable":true,"href":"https:\/\/progepe.ufpr.br\/portarias\/wp-json\/wp\/v2\/tags?post=59056"}],"curies":[{"name":"wp","href":"https:\/\/api.w.org\/{rel}","templated":true}]}}