{"id":59107,"date":"2020-11-05T05:01:00","date_gmt":"2020-11-05T08:01:00","guid":{"rendered":"http:\/\/progepe.ufpr.br\/portal\/?post_type=portarias&#038;p=59107"},"modified":"2023-09-26T17:18:39","modified_gmt":"2023-09-26T20:18:39","slug":"rt-2020-01453","status":"publish","type":"post","link":"https:\/\/progepe.ufpr.br\/portarias\/rt-2020-01453\/","title":{"rendered":"PORTARIA N\u00ba 01453\/REITORIA, DE 05 DE NOVEMBRO DE 2020"},"content":{"rendered":"\n<p><strong>O Reitor da Universidade Federal do Paran\u00e1, <\/strong>no uso da compet\u00eancia que lhe foi delegada pelo \u00a72\u00ba do art. 3\u00ba e no art.17 do Decreto n\u00ba 9.144, de 22 de agosto de 2017 e tendo em vista o que consta no processo n\u00ba 23075.044587\/2020-42,<\/p>\n\n\n\n<p>RESOLVE:<\/p>\n\n\n\n<p>Art. 1\u00b0.\u00a0Efetivar, por tempo indeterminado, a requisi\u00e7\u00e3o da servidora MAYLA CRISTINA COSTA MARONI SARAIVA\u00a0&#8211; 1615102, ocupante do cargo de Professora de Magist\u00e9rio Superior, pertencente ao quadro de pessoal da Universidade Federal do Paran\u00e1, para o Minist\u00e9rio da Mulher, da Fam\u00edlia e dos Direitos Humanos &#8211; MMFDH.<\/p>\n\n\n\n<p>Art. 2\u00b0. O \u00f4nus pela remunera\u00e7\u00e3o \u00e9 do \u00f3rg\u00e3o\ncession\u00e1rio.<\/p>\n\n\n\n<p>Art. 3\u00b0. Cumpre ao cession\u00e1rio comunicar a\nfrequ\u00eancia da servidora, mensalmente, ao \u00f3rg\u00e3o ou entidade cedente.<\/p>\n\n\n\n<p>Art. 4\u00b0. A servidora dever\u00e1 apresentar-se\nimediatamente ao \u00f3rg\u00e3o cedente, quando do seu retorno, observado o disposto no\nart. 5\u00ba do Decreto n\u00ba 9.144, de 22 de agosto de 2017.<\/p>\n\n\n\n<p>Art. 5\u00b0. Torna-se sem efeito o disposto nesta\nPortaria caso a servidora n\u00e3o se apresente ao \u00f3rg\u00e3o requisitante no prazo de\ntrinta dias.<\/p>\n\n\n\n<p>Art. 6\u00b0. Cabe ao Minist\u00e9rio da Mulher, da Fam\u00edlia e\ndos Direitos Humanos &#8211; MMFDH, assegurar que a servidora colocada \u00e0 sua\ndisposi\u00e7\u00e3o n\u00e3o exercer\u00e1 atividades que n\u00e3o correspondam \u00e0s suas atribui\u00e7\u00f5es na\nentidade de origem, de forma a n\u00e3o ocorrer desvio de fun\u00e7\u00e3o.<\/p>\n\n\n\n<p>Art. 7\u00b0. Esta Portaria entra em vigor na data de sua publica\u00e7\u00e3o.<\/p>\n","protected":false},"excerpt":{"rendered":"<p>Art. 1\u00b0.\u00a0Efetivar, por tempo indeterminado, a requisi\u00e7\u00e3o da servidora MAYLA CRISTINA COSTA MARONI SARAIVA\u00a0&#8211; 1615102, ocupante do cargo de Professora de Magist\u00e9rio Superior, pertencente ao quadro de pessoal da Universidade Federal do Paran\u00e1, para o Minist\u00e9rio da Mulher, da Fam\u00edlia e dos Direitos Humanos &#8211; MMFDH.  Art. 2\u00b0. O \u00f4nus pela remunera\u00e7\u00e3o \u00e9 do \u00f3rg\u00e3o cession\u00e1rio.  Art. 3\u00b0. Cumpre ao cession\u00e1rio comunicar a frequ\u00eancia da servidora, mensalmente, ao \u00f3rg\u00e3o ou entidade cedente.  Art. 4\u00b0. A servidora dever\u00e1 apresentar-se imediatamente ao \u00f3rg\u00e3o cedente, quando do seu retorno, observado o disposto no art. 5\u00ba do Decreto n\u00ba<\/p>\n","protected":false},"author":50,"featured_media":0,"comment_status":"closed","ping_status":"closed","sticky":false,"template":"","format":"standard","meta":{"_acf_changed":false,"iawp_total_views":3,"footnotes":""},"categories":[117],"tags":[127],"class_list":["post-59107","post","type-post","status-publish","format-standard","hentry","category-rt","tag-cessao"],"acf":[],"_links":{"self":[{"href":"https:\/\/progepe.ufpr.br\/portarias\/wp-json\/wp\/v2\/posts\/59107","targetHints":{"allow":["GET"]}}],"collection":[{"href":"https:\/\/progepe.ufpr.br\/portarias\/wp-json\/wp\/v2\/posts"}],"about":[{"href":"https:\/\/progepe.ufpr.br\/portarias\/wp-json\/wp\/v2\/types\/post"}],"author":[{"embeddable":true,"href":"https:\/\/progepe.ufpr.br\/portarias\/wp-json\/wp\/v2\/users\/50"}],"replies":[{"embeddable":true,"href":"https:\/\/progepe.ufpr.br\/portarias\/wp-json\/wp\/v2\/comments?post=59107"}],"version-history":[{"count":3,"href":"https:\/\/progepe.ufpr.br\/portarias\/wp-json\/wp\/v2\/posts\/59107\/revisions"}],"predecessor-version":[{"id":252227,"href":"https:\/\/progepe.ufpr.br\/portarias\/wp-json\/wp\/v2\/posts\/59107\/revisions\/252227"}],"wp:attachment":[{"href":"https:\/\/progepe.ufpr.br\/portarias\/wp-json\/wp\/v2\/media?parent=59107"}],"wp:term":[{"taxonomy":"category","embeddable":true,"href":"https:\/\/progepe.ufpr.br\/portarias\/wp-json\/wp\/v2\/categories?post=59107"},{"taxonomy":"post_tag","embeddable":true,"href":"https:\/\/progepe.ufpr.br\/portarias\/wp-json\/wp\/v2\/tags?post=59107"}],"curies":[{"name":"wp","href":"https:\/\/api.w.org\/{rel}","templated":true}]}}