{"id":59130,"date":"2020-11-06T05:02:00","date_gmt":"2020-11-06T08:02:00","guid":{"rendered":"http:\/\/progepe.ufpr.br\/portal\/?post_type=portarias&#038;p=59130"},"modified":"2023-08-03T13:20:37","modified_gmt":"2023-08-03T16:20:37","slug":"rt-2020-01456","status":"publish","type":"post","link":"https:\/\/progepe.ufpr.br\/portarias\/rt-2020-01456\/","title":{"rendered":"PORTARIA N\u00ba 01456\/REITORIA, DE 06 DE NOVEMBRO DE 2020"},"content":{"rendered":"\n<p><strong>O Reitor da Universidade Federal do Paran\u00e1, <\/strong>no uso de suas atribui\u00e7\u00f5es e tendo em vista o que consta no processo n\u00ba 23075.004261\/2020-82, <\/p>\n\n\n\n<p>RESOLVE: <\/p>\n\n\n\n<p>Designar a servidora CINTIA DO ROCIO BASSO &#8211;\n2324500, Assistente em Administra\u00e7\u00e3o, lotada na Procuradoria Federal na\nUniversidade Federal do Paran\u00e1, para substituir ZILDA NERES DE SOUZA &#8211; 1058195,\nno per\u00edodo de 04 de novembro de 2020 a 23 de novembro de 2020, na Fun\u00e7\u00e3o\nGratificada de Chefe da Unidade de Apoio da Procuradoria Federal, FG-02, do\nGabinete da Reitoria.<\/p>\n\n\n\n<p style=\"text-align:right\"><strong>RICARDO\nMARCELO FONSECA<\/strong><\/p>\n","protected":false},"excerpt":{"rendered":"<p>O Reitor da Universidade Federal do Paran\u00e1, no uso de suas atribui\u00e7\u00f5es e tendo em vista o que consta no processo n\u00ba 23075.004261\/2020-82, RESOLVE: Designar a servidora CINTIA DO ROCIO BASSO &#8211; 2324500, Assistente em Administra\u00e7\u00e3o, lotada na Procuradoria Federal na Universidade Federal do Paran\u00e1, para substituir ZILDA NERES DE SOUZA &#8211; 1058195, no per\u00edodo [&hellip;]<\/p>\n","protected":false},"author":50,"featured_media":0,"comment_status":"closed","ping_status":"closed","sticky":false,"template":"","format":"standard","meta":{"_acf_changed":false,"iawp_total_views":2,"footnotes":""},"categories":[117],"tags":[120],"class_list":["post-59130","post","type-post","status-publish","format-standard","hentry","category-rt","tag-funcao"],"acf":[],"_links":{"self":[{"href":"https:\/\/progepe.ufpr.br\/portarias\/wp-json\/wp\/v2\/posts\/59130","targetHints":{"allow":["GET"]}}],"collection":[{"href":"https:\/\/progepe.ufpr.br\/portarias\/wp-json\/wp\/v2\/posts"}],"about":[{"href":"https:\/\/progepe.ufpr.br\/portarias\/wp-json\/wp\/v2\/types\/post"}],"author":[{"embeddable":true,"href":"https:\/\/progepe.ufpr.br\/portarias\/wp-json\/wp\/v2\/users\/50"}],"replies":[{"embeddable":true,"href":"https:\/\/progepe.ufpr.br\/portarias\/wp-json\/wp\/v2\/comments?post=59130"}],"version-history":[{"count":1,"href":"https:\/\/progepe.ufpr.br\/portarias\/wp-json\/wp\/v2\/posts\/59130\/revisions"}],"predecessor-version":[{"id":196253,"href":"https:\/\/progepe.ufpr.br\/portarias\/wp-json\/wp\/v2\/posts\/59130\/revisions\/196253"}],"wp:attachment":[{"href":"https:\/\/progepe.ufpr.br\/portarias\/wp-json\/wp\/v2\/media?parent=59130"}],"wp:term":[{"taxonomy":"category","embeddable":true,"href":"https:\/\/progepe.ufpr.br\/portarias\/wp-json\/wp\/v2\/categories?post=59130"},{"taxonomy":"post_tag","embeddable":true,"href":"https:\/\/progepe.ufpr.br\/portarias\/wp-json\/wp\/v2\/tags?post=59130"}],"curies":[{"name":"wp","href":"https:\/\/api.w.org\/{rel}","templated":true}]}}