{"id":59134,"date":"2020-11-06T05:03:00","date_gmt":"2020-11-06T08:03:00","guid":{"rendered":"http:\/\/progepe.ufpr.br\/portal\/?post_type=portarias&#038;p=59134"},"modified":"2023-08-03T13:20:37","modified_gmt":"2023-08-03T16:20:37","slug":"rt-2020-01457","status":"publish","type":"post","link":"https:\/\/progepe.ufpr.br\/portarias\/rt-2020-01457\/","title":{"rendered":"PORTARIA N\u00ba 01457\/REITORIA, DE 06 DE NOVEMBRO DE 2020"},"content":{"rendered":"\n<p><strong>O Reitor da Universidade Federal do Paran\u00e1, <\/strong>no uso de suas atribui\u00e7\u00f5es e tendo em vista o que consta no processo n\u00ba 23075.004261\/2020-82, <\/p>\n\n\n\n<p>RESOLVE: <\/p>\n\n\n\n<p>Designar, a partir da data de publica\u00e7\u00e3o em DOU desta Portaria, a servidora CINTIA DO ROCIO BASSO &#8211; 2324500, Assistente em Administra\u00e7\u00e3o, lotada na Procuradoria Federal na Universidade Federal do Paran\u00e1, como substituta eventual da servidora ZILDA NERES DE SOUZA &#8211; 1058195, na Fun\u00e7\u00e3o Gratificada de Chefe da Unidade de Apoio da Procuradoria Federal, FG-02, do Gabinete da Reitoria.<\/p>\n\n\n\n<p style=\"text-align:right\"><strong>RICARDO\nMARCELO FONSECA<\/strong><\/p>\n","protected":false},"excerpt":{"rendered":"<p>O Reitor da Universidade Federal do Paran\u00e1, no uso de suas atribui\u00e7\u00f5es e tendo em vista o que consta no processo n\u00ba 23075.004261\/2020-82, RESOLVE: Designar, a partir da data de publica\u00e7\u00e3o em DOU desta Portaria, a servidora CINTIA DO ROCIO BASSO &#8211; 2324500, Assistente em Administra\u00e7\u00e3o, lotada na Procuradoria Federal na Universidade Federal do Paran\u00e1, [&hellip;]<\/p>\n","protected":false},"author":50,"featured_media":0,"comment_status":"closed","ping_status":"closed","sticky":false,"template":"","format":"standard","meta":{"_acf_changed":false,"iawp_total_views":2,"footnotes":""},"categories":[117],"tags":[120],"class_list":["post-59134","post","type-post","status-publish","format-standard","hentry","category-rt","tag-funcao"],"acf":[],"_links":{"self":[{"href":"https:\/\/progepe.ufpr.br\/portarias\/wp-json\/wp\/v2\/posts\/59134","targetHints":{"allow":["GET"]}}],"collection":[{"href":"https:\/\/progepe.ufpr.br\/portarias\/wp-json\/wp\/v2\/posts"}],"about":[{"href":"https:\/\/progepe.ufpr.br\/portarias\/wp-json\/wp\/v2\/types\/post"}],"author":[{"embeddable":true,"href":"https:\/\/progepe.ufpr.br\/portarias\/wp-json\/wp\/v2\/users\/50"}],"replies":[{"embeddable":true,"href":"https:\/\/progepe.ufpr.br\/portarias\/wp-json\/wp\/v2\/comments?post=59134"}],"version-history":[{"count":1,"href":"https:\/\/progepe.ufpr.br\/portarias\/wp-json\/wp\/v2\/posts\/59134\/revisions"}],"predecessor-version":[{"id":196254,"href":"https:\/\/progepe.ufpr.br\/portarias\/wp-json\/wp\/v2\/posts\/59134\/revisions\/196254"}],"wp:attachment":[{"href":"https:\/\/progepe.ufpr.br\/portarias\/wp-json\/wp\/v2\/media?parent=59134"}],"wp:term":[{"taxonomy":"category","embeddable":true,"href":"https:\/\/progepe.ufpr.br\/portarias\/wp-json\/wp\/v2\/categories?post=59134"},{"taxonomy":"post_tag","embeddable":true,"href":"https:\/\/progepe.ufpr.br\/portarias\/wp-json\/wp\/v2\/tags?post=59134"}],"curies":[{"name":"wp","href":"https:\/\/api.w.org\/{rel}","templated":true}]}}