{"id":59163,"date":"2020-11-06T10:04:00","date_gmt":"2020-11-06T13:04:00","guid":{"rendered":"http:\/\/progepe.ufpr.br\/portal\/?post_type=portarias&#038;p=59163"},"modified":"2023-08-03T12:59:10","modified_gmt":"2023-08-03T15:59:10","slug":"progepe-2020-03152","status":"publish","type":"post","link":"https:\/\/progepe.ufpr.br\/portarias\/progepe-2020-03152\/","title":{"rendered":"PORTARIA N\u00ba 03152\/PROGEPE, DE 06 DE NOVEMBRO DE 2020"},"content":{"rendered":"\n<p><strong>O\u00a0Pr\u00f3-Reitor\u00a0de Gest\u00e3o de Pessoas da Universidade Federal do Paran\u00e1,<\/strong>\u00a0no  uso de suas atribui\u00e7\u00f5es, tendo em vista a compet\u00eancia que lhe \u00e9  conferida pela Portaria n\u00ba 2.590, de 26 de setembro de 1997,  considerando o que consta na Resolu\u00e7\u00e3o n\u00ba 10\/2014-CEPE e ainda o que  consta no processo n\u00ba 23075.084987\/2019-57, <\/p>\n\n\n\n<p>RESOLVE:<\/p>\n\n\n\n<p>Alterar, considerando os termos do Parecer de For\u00e7a Execut\u00f3ria\u00a0n\u00ba 00078\/2020\/SEGAP\/PFPR\/PGF\/AGU\u00a0(doc. SEI n\u00ba\u00a0<a rel=\"noreferrer noopener\" href=\"https:\/\/sei.ufpr.br\/sei\/web\/controlador.php?acao=protocolo_visualizar&amp;id_protocolo=3338647&amp;id_procedimento_atual=2514306&amp;infra_sistema=100000100&amp;infra_unidade_atual=440&amp;infra_hash=edf466fc239a9c2bdce46854a68e2d6103178d8e25dd63bccf27293b5189bebb\" target=\"_blank\">3089708<\/a>),  a Portaria n\u00ba 16207\/PROGEPE, de 30\u00a0de mar\u00e7o de 2016, que concedeu  progress\u00e3o funcional ao servidor PAULO CESAR BRAGA PACHECO \u2013 2544636,  lotado no Departamento de Arquitetura e Urbanismo do Setor de  Tecnologia, a fim de que passe a constar a progress\u00e3o\u00a0constante no  Parecer da CPPD (doc. SEI n\u00ba\u00a0<a rel=\"noreferrer noopener\" href=\"https:\/\/sei.ufpr.br\/sei\/web\/controlador.php?acao=protocolo_visualizar&amp;id_protocolo=2815404&amp;id_procedimento_atual=2514306&amp;infra_sistema=100000100&amp;infra_unidade_atual=440&amp;infra_hash=98f47f21741a4a1c83f3b1f663f73614552ccfef1043ffa2568a356bdf2c293c\" target=\"_blank\">2610309<\/a>), do n\u00edvel 6-01 da classe C \u2013 Ajunto, para o n\u00edvel 6-03 da classe C \u2012 Ajunto, e n\u00e3o como constou naquele ato.<\/p>\n\n\n\n<p style=\"text-align:right\"><strong>DOUGLAS ORTIZ HAMERMULLER<\/strong><\/p>\n\n\n\n<hr class=\"wp-block-separator\" \/>\n","protected":false},"excerpt":{"rendered":"<p>Alterar, considerando os termos do Parecer de For\u00e7a Execut\u00f3ria\u00a0n\u00ba 00078\/2020\/SEGAP\/PFPR\/PGF\/AGU\u00a0(doc. SEI n\u00ba\u00a0<a rel=\"noreferrer noopener\" href=\"https:\/\/sei.ufpr.br\/sei\/web\/controlador.php?acao=protocolo_visualizar&amp;id_protocolo=3338647&amp;id_procedimento_atual=2514306&amp;infra_sistema=100000100&amp;infra_unidade_atual=440&amp;infra_hash=edf466fc239a9c2bdce46854a68e2d6103178d8e25dd63bccf27293b5189bebb\" target=\"_blank\">3089708<\/a>), a Portaria n\u00ba 16207\/PROGEPE, de 30\u00a0de mar\u00e7o de 2016, que concedeu progress\u00e3o funcional ao servidor PAULO CESAR BRAGA PACHECO \u2013 2544636, lotado no Departamento de Arquitetura e Urbanismo do Setor de Tecnologia, a fim de que passe a constar a progress\u00e3o\u00a0constante no Parecer da CPPD (doc. SEI n\u00ba\u00a0<a rel=\"noreferrer noopener\" href=\"https:\/\/sei.ufpr.br\/sei\/web\/controlador.php?acao=protocolo_visualizar&amp;id_protocolo=2815404&amp;id_procedimento_atual=2514306&amp;infra_sistema=100000100&amp;infra_unidade_atual=440&amp;infra_hash=98f47f21741a4a1c83f3b1f663f73\n<\/p>\n","protected":false},"author":48,"featured_media":0,"comment_status":"closed","ping_status":"closed","sticky":false,"template":"","format":"standard","meta":{"_acf_changed":false,"iawp_total_views":0,"footnotes":""},"categories":[116],"tags":[143],"class_list":["post-59163","post","type-post","status-publish","format-standard","hentry","category-progepe","tag-progressao-promocao"],"acf":[],"_links":{"self":[{"href":"https:\/\/progepe.ufpr.br\/portarias\/wp-json\/wp\/v2\/posts\/59163","targetHints":{"allow":["GET"]}}],"collection":[{"href":"https:\/\/progepe.ufpr.br\/portarias\/wp-json\/wp\/v2\/posts"}],"about":[{"href":"https:\/\/progepe.ufpr.br\/portarias\/wp-json\/wp\/v2\/types\/post"}],"author":[{"embeddable":true,"href":"https:\/\/progepe.ufpr.br\/portarias\/wp-json\/wp\/v2\/users\/48"}],"replies":[{"embeddable":true,"href":"https:\/\/progepe.ufpr.br\/portarias\/wp-json\/wp\/v2\/comments?post=59163"}],"version-history":[{"count":1,"href":"https:\/\/progepe.ufpr.br\/portarias\/wp-json\/wp\/v2\/posts\/59163\/revisions"}],"predecessor-version":[{"id":196257,"href":"https:\/\/progepe.ufpr.br\/portarias\/wp-json\/wp\/v2\/posts\/59163\/revisions\/196257"}],"wp:attachment":[{"href":"https:\/\/progepe.ufpr.br\/portarias\/wp-json\/wp\/v2\/media?parent=59163"}],"wp:term":[{"taxonomy":"category","embeddable":true,"href":"https:\/\/progepe.ufpr.br\/portarias\/wp-json\/wp\/v2\/categories?post=59163"},{"taxonomy":"post_tag","embeddable":true,"href":"https:\/\/progepe.ufpr.br\/portarias\/wp-json\/wp\/v2\/tags?post=59163"}],"curies":[{"name":"wp","href":"https:\/\/api.w.org\/{rel}","templated":true}]}}