{"id":59179,"date":"2020-11-06T10:06:00","date_gmt":"2020-11-06T13:06:00","guid":{"rendered":"http:\/\/progepe.ufpr.br\/portal\/?post_type=portarias&#038;p=59179"},"modified":"2023-08-03T12:59:10","modified_gmt":"2023-08-03T15:59:10","slug":"progepe-2020-03154","status":"publish","type":"post","link":"https:\/\/progepe.ufpr.br\/portarias\/progepe-2020-03154\/","title":{"rendered":"PORTARIA N\u00ba 03154\/PROGEPE, DE 06 DE NOVEMBRO DE 2020"},"content":{"rendered":"\n<p><strong>O Pr\u00f3-Reitor de Gest\u00e3o de Pessoas da Universidade Federal do Paran\u00e1,<\/strong>\u00a0no  uso de suas atribui\u00e7\u00f5es, tendo em vista a compet\u00eancia que lhe \u00e9  conferida pela Portaria n\u00ba 2.590, de 26 de setembro de 1997,  considerando o que consta na Resolu\u00e7\u00e3o n\u00ba 10\/2014-CEPE e ainda o que  consta no processo n\u00ba 23075.041812\/2018-74, <\/p>\n\n\n\n<p>RESOLVE:<\/p>\n\n\n\n<p>Alterar, considerando os termos do Parecer de For\u00e7a Execut\u00f3ria\u00a0n\u00ba 00078\/2020\/SEGAP\/PFPR\/PGF\/AGU\u00a0(doc. SEI n\u00ba\u00a0<a rel=\"noreferrer noopener\" href=\"https:\/\/sei.ufpr.br\/sei\/web\/controlador.php?acao=protocolo_visualizar&amp;id_protocolo=3338647&amp;id_procedimento_atual=1160475&amp;infra_sistema=100000100&amp;infra_unidade_atual=440&amp;infra_hash=bf93656256b9ca6e5df5d791f14a93c22fbe54a2fe4a6a1bd131c8868ef87d2c\" target=\"_blank\">3089708<\/a>), a Portaria n\u00ba  1448\/PROGEPE, de 04\u00a0de abril de 2019, que concedeu promo\u00e7\u00e3o funcional \u00e0  servidora CAMILA KLOCKER COSTA &#8211; 1625995, lotada no Departamento de  Farm\u00e1cia do Setor de Ci\u00eancias da Sa\u00fade, a fim de que passe a constar a  promo\u00e7\u00e3o constante no Parecer da CPPD (doc. SEI n\u00ba\u00a0<a rel=\"noreferrer noopener\" href=\"https:\/\/sei.ufpr.br\/sei\/web\/controlador.php?acao=protocolo_visualizar&amp;id_protocolo=1160558&amp;id_procedimento_atual=1160475&amp;infra_sistema=100000100&amp;infra_unidade_atual=440&amp;infra_hash=484a687f2181ba4f2937f0bb8e3b4e15cee61c3c445b6680d67f52cbedeb3ba1\" target=\"_blank\">1114039<\/a>), do n\u00edvel 5-02 da classe B \u2013 Assistente, para o n\u00edvel 6-03 da classe C \u2012 Ajunto, e n\u00e3o como constou naquele ato.<\/p>\n\n\n\n<p style=\"text-align:right\"><strong>DOUGLAS ORTIZ HAMERMULLER<\/strong><\/p>\n\n\n\n<p><\/p>\n\n\n\n<hr class=\"wp-block-separator\" \/>\n","protected":false},"excerpt":{"rendered":"<p>Alterar, considerando os termos do Parecer de For\u00e7a Execut\u00f3ria\u00a0n\u00ba 00078\/2020\/SEGAP\/PFPR\/PGF\/AGU\u00a0(doc. SEI n\u00ba\u00a0<a rel=\"noreferrer noopener\" href=\"https:\/\/sei.ufpr.br\/sei\/web\/controlador.php?acao=protocolo_visualizar&amp;id_protocolo=3338647&amp;id_procedimento_atual=1160475&amp;infra_sistema=100000100&amp;infra_unidade_atual=440&amp;infra_hash=bf93656256b9ca6e5df5d791f14a93c22fbe54a2fe4a6a1bd131c8868ef87d2c\" target=\"_blank\">3089708<\/a>), a Portaria n\u00ba 1448\/PROGEPE, de 04\u00a0de abril de 2019, que concedeu promo\u00e7\u00e3o funcional \u00e0 servidora CAMILA KLOCKER COSTA &#8211; 1625995, lotada no Departamento de Farm\u00e1cia do Setor de Ci\u00eancias da Sa\u00fade, a fim de que passe a constar a promo\u00e7\u00e3o constante no Parecer da CPPD (doc. SEI n\u00ba\u00a0<a rel=\"noreferrer noopener\" href=\"https:\/\/sei.ufpr.br\/sei\/web\/controlador.php?acao=protocolo_visualizar&amp;id_protocolo=1160558&amp;id_procedimento_atual=1160475&amp;infra_sistema=100000100&amp;infra_unidade_atual=440&amp;infra_hash=484a687f2181ba4f2937f0bb8e3b4e15cee61c3c445b668\n<\/p>\n","protected":false},"author":48,"featured_media":0,"comment_status":"closed","ping_status":"closed","sticky":false,"template":"","format":"standard","meta":{"_acf_changed":false,"iawp_total_views":0,"footnotes":""},"categories":[116],"tags":[143],"class_list":["post-59179","post","type-post","status-publish","format-standard","hentry","category-progepe","tag-progressao-promocao"],"acf":[],"_links":{"self":[{"href":"https:\/\/progepe.ufpr.br\/portarias\/wp-json\/wp\/v2\/posts\/59179","targetHints":{"allow":["GET"]}}],"collection":[{"href":"https:\/\/progepe.ufpr.br\/portarias\/wp-json\/wp\/v2\/posts"}],"about":[{"href":"https:\/\/progepe.ufpr.br\/portarias\/wp-json\/wp\/v2\/types\/post"}],"author":[{"embeddable":true,"href":"https:\/\/progepe.ufpr.br\/portarias\/wp-json\/wp\/v2\/users\/48"}],"replies":[{"embeddable":true,"href":"https:\/\/progepe.ufpr.br\/portarias\/wp-json\/wp\/v2\/comments?post=59179"}],"version-history":[{"count":1,"href":"https:\/\/progepe.ufpr.br\/portarias\/wp-json\/wp\/v2\/posts\/59179\/revisions"}],"predecessor-version":[{"id":196260,"href":"https:\/\/progepe.ufpr.br\/portarias\/wp-json\/wp\/v2\/posts\/59179\/revisions\/196260"}],"wp:attachment":[{"href":"https:\/\/progepe.ufpr.br\/portarias\/wp-json\/wp\/v2\/media?parent=59179"}],"wp:term":[{"taxonomy":"category","embeddable":true,"href":"https:\/\/progepe.ufpr.br\/portarias\/wp-json\/wp\/v2\/categories?post=59179"},{"taxonomy":"post_tag","embeddable":true,"href":"https:\/\/progepe.ufpr.br\/portarias\/wp-json\/wp\/v2\/tags?post=59179"}],"curies":[{"name":"wp","href":"https:\/\/api.w.org\/{rel}","templated":true}]}}