{"id":59212,"date":"2020-11-06T10:10:00","date_gmt":"2020-11-06T13:10:00","guid":{"rendered":"http:\/\/progepe.ufpr.br\/portal\/?post_type=portarias&#038;p=59212"},"modified":"2023-08-03T12:59:10","modified_gmt":"2023-08-03T15:59:10","slug":"progepe-2020-03158","status":"publish","type":"post","link":"https:\/\/progepe.ufpr.br\/portarias\/progepe-2020-03158\/","title":{"rendered":"PORTARIA N\u00ba 03158\/PROGEPE, DE 06 DE NOVEMBRO DE 2020"},"content":{"rendered":"\n<p><strong>O Pr\u00f3-Reitor de Gest\u00e3o de Pessoas da Universidade Federal do Paran\u00e1,<\/strong>\u00a0no  uso de suas atribui\u00e7\u00f5es, tendo em vista a compet\u00eancia que lhe \u00e9  conferida pela Portaria n\u00ba 2.590, de 26 de setembro de 1997,  considerando o que consta na Resolu\u00e7\u00e3o n\u00ba 10\/2014-CEPE e ainda o que  consta no processo n\u00ba 23075.041003\/2018-62, <\/p>\n\n\n\n<p>RESOLVE:<\/p>\n\n\n\n<p> Alterar, considerando os termos do Parecer de For\u00e7a Execut\u00f3ria\u00a0n\u00ba 00078\/2020\/SEGAP\/PFPR\/PGF\/AGU\u00a0(doc. SEI n\u00ba\u00a0<a rel=\"noreferrer noopener\" href=\"https:\/\/sei.ufpr.br\/sei\/web\/controlador.php?acao=protocolo_visualizar&amp;id_protocolo=3338735&amp;id_procedimento_atual=1151147&amp;infra_sistema=100000100&amp;infra_unidade_atual=440&amp;infra_hash=06b346b5263bf4191e6f3d214c1fe8b48c64f6feff44b67eea18b6a046b376eb\" target=\"_blank\">3089792<\/a>), a Portaria n\u00ba  1446\/PROGEPE, de 04\u00a0de abril de 2019, que concedeu \u00a0progress\u00e3o funcional  \u00e0 servidora SATOMI OISHI AZUMA &#8211; 2695540, lotada no Departamento de  Letras Estrangeiras e Modernas do Setor de Ci\u00eancias Humanas, a fim de  que passe a constar a promo\u00e7\u00e3o constante no Parecer da CPPD (doc. SEI  n\u00ba\u00a0<a rel=\"noreferrer noopener\" href=\"https:\/\/sei.ufpr.br\/sei\/web\/controlador.php?acao=protocolo_visualizar&amp;id_protocolo=1151201&amp;id_procedimento_atual=1151147&amp;infra_sistema=100000100&amp;infra_unidade_atual=440&amp;infra_hash=f45a80b3ded29984bc6c8592b34fd7ac571444c99e1c3d4a51ddc6b534597ea2\" target=\"_blank\">1105503<\/a>), do n\u00edvel 5-02 da classe B \u2013 Assistente, para o n\u00edvel 6-01 da classe C \u2012 Adjunto, e n\u00e3o como constou naquele ato. <\/p>\n\n\n\n<p style=\"text-align:right\"><strong>DOUGLAS ORTIZ HAMERMULLER<\/strong><\/p>\n","protected":false},"excerpt":{"rendered":"<p>Alterar, considerando os termos do Parecer de For\u00e7a Execut\u00f3ria\u00a0n\u00ba 00078\/2020\/SEGAP\/PFPR\/PGF\/AGU\u00a0(doc. SEI n\u00ba\u00a0<a rel=\"noreferrer noopener\" href=\"https:\/\/sei.ufpr.br\/sei\/web\/controlador.php?acao=protocolo_visualizar&amp;id_protocolo=3338735&amp;id_procedimento_atual=1151147&amp;infra_sistema=100000100&amp;infra_unidade_atual=440&amp;infra_hash=06b346b5263bf4191e6f3d214c1fe8b48c64f6feff44b67eea18b6a046b376eb\" target=\"_blank\">3089792<\/a>), a Portaria n\u00ba 1446\/PROGEPE, de 04\u00a0de abril de 2019, que concedeu \u00a0progress\u00e3o funcional \u00e0 servidora SATOMI OISHI AZUMA &#8211; 2695540, lotada no Departamento de Letras Estrangeiras e Modernas do Setor de Ci\u00eancias Humanas, a fim de que passe a constar a promo\u00e7\u00e3o constante no Parecer da CPPD (doc. SEI n\u00ba\u00a0<a rel=\"noreferrer noopener\" href=\"https:\/\/sei.ufpr.br\/sei\/web\/controlador.php?acao=protocolo_visualizar&amp;id_protocolo=1151201&amp;id_procedimento_atual=1151147&amp;infra_sistema=100000100&amp;infra_unidade_atual=440&amp;infra_hash=f45a80b3ded29984bc6c8592\n<\/p>\n","protected":false},"author":48,"featured_media":0,"comment_status":"closed","ping_status":"closed","sticky":false,"template":"","format":"standard","meta":{"_acf_changed":false,"iawp_total_views":0,"footnotes":""},"categories":[116],"tags":[143],"class_list":["post-59212","post","type-post","status-publish","format-standard","hentry","category-progepe","tag-progressao-promocao"],"acf":[],"_links":{"self":[{"href":"https:\/\/progepe.ufpr.br\/portarias\/wp-json\/wp\/v2\/posts\/59212","targetHints":{"allow":["GET"]}}],"collection":[{"href":"https:\/\/progepe.ufpr.br\/portarias\/wp-json\/wp\/v2\/posts"}],"about":[{"href":"https:\/\/progepe.ufpr.br\/portarias\/wp-json\/wp\/v2\/types\/post"}],"author":[{"embeddable":true,"href":"https:\/\/progepe.ufpr.br\/portarias\/wp-json\/wp\/v2\/users\/48"}],"replies":[{"embeddable":true,"href":"https:\/\/progepe.ufpr.br\/portarias\/wp-json\/wp\/v2\/comments?post=59212"}],"version-history":[{"count":1,"href":"https:\/\/progepe.ufpr.br\/portarias\/wp-json\/wp\/v2\/posts\/59212\/revisions"}],"predecessor-version":[{"id":196262,"href":"https:\/\/progepe.ufpr.br\/portarias\/wp-json\/wp\/v2\/posts\/59212\/revisions\/196262"}],"wp:attachment":[{"href":"https:\/\/progepe.ufpr.br\/portarias\/wp-json\/wp\/v2\/media?parent=59212"}],"wp:term":[{"taxonomy":"category","embeddable":true,"href":"https:\/\/progepe.ufpr.br\/portarias\/wp-json\/wp\/v2\/categories?post=59212"},{"taxonomy":"post_tag","embeddable":true,"href":"https:\/\/progepe.ufpr.br\/portarias\/wp-json\/wp\/v2\/tags?post=59212"}],"curies":[{"name":"wp","href":"https:\/\/api.w.org\/{rel}","templated":true}]}}