{"id":59257,"date":"2020-11-04T05:01:00","date_gmt":"2020-11-04T08:01:00","guid":{"rendered":"http:\/\/progepe.ufpr.br\/portal\/?post_type=portarias&#038;p=59257"},"modified":"2023-08-03T13:20:36","modified_gmt":"2023-08-03T16:20:36","slug":"rt-2020-01447","status":"publish","type":"post","link":"https:\/\/progepe.ufpr.br\/portarias\/rt-2020-01447\/","title":{"rendered":"PORTARIA N\u00ba 01447\/REITORIA, DE 04 DE NOVEMBRO DE 2020"},"content":{"rendered":"\n<p><strong>O Reitor da Universidade Federal do Paran\u00e1, <\/strong>no uso de\nsuas atribui\u00e7\u00f5es; de acordo com o Edital n\u00ba 01\/2020-CAPES; do Edital n\u00ba\n03\/2020-PROGRAD\/UFPR; e, tendo em vista o que consta no processo n\u00ba 23075.060495\/2020-18,<\/p>\n\n\n\n<p>RESOLVE:<\/p>\n\n\n\n<p>I. Designar a servidora FERNANDA\nSILVA VELOSO &#8211; 2154583, ocupante do\ncargo de Professora do Magist\u00e9rio Superior, lotada no Departamento de Teoria e\nPr\u00e1tica de Ensino do Setor de Educa\u00e7\u00e3o, como Coordenadora Institucional do\nPrograma de Bolsa de Inicia\u00e7\u00e3o \u00e0 Doc\u00eancia &#8211; PIBID da Universidade Federal do\nParan\u00e1, em conformidade com o Edital n\u00ba 02\/2020-CAPES.<\/p>\n\n\n\n<p>II.\nConvalidar, a partir de 01 de outubro de 2020, os atos da citada servidora\njunto ao PIBID da UFPR.<\/p>\n\n\n\n<p class=\"has-text-align-right\"><\/p>\n","protected":false},"excerpt":{"rendered":"<p>I. Designar a servidora FERNANDA SILVA VELOSO &#8211; 2154583, ocupante do cargo de Professora do Magist\u00e9rio Superior, lotada no Departamento de Teoria e Pr\u00e1tica de Ensino do Setor de Educa\u00e7\u00e3o, como Coordenadora Institucional do Programa de Bolsa de Inicia\u00e7\u00e3o \u00e0 Doc\u00eancia &#8211; PIBID da Universidade Federal do Paran\u00e1, em conformidade com o Edital n\u00ba 02\/2020-CAPES.  II. Convalidar, a partir de 01 de outubro de 2020, os atos da citada servidora junto ao PIBID da UFPR.  <!-- wp:paragraph {\"align\":\"right\"} \n\n<p class=\"has-text-align-right\">\n<\/p>\n","protected":false},"author":49,"featured_media":0,"comment_status":"closed","ping_status":"open","sticky":false,"template":"","format":"standard","meta":{"_acf_changed":false,"iawp_total_views":1,"footnotes":""},"categories":[117],"tags":[119],"class_list":["post-59257","post","type-post","status-publish","format-standard","hentry","category-rt","tag-diversos"],"acf":[],"_links":{"self":[{"href":"https:\/\/progepe.ufpr.br\/portarias\/wp-json\/wp\/v2\/posts\/59257","targetHints":{"allow":["GET"]}}],"collection":[{"href":"https:\/\/progepe.ufpr.br\/portarias\/wp-json\/wp\/v2\/posts"}],"about":[{"href":"https:\/\/progepe.ufpr.br\/portarias\/wp-json\/wp\/v2\/types\/post"}],"author":[{"embeddable":true,"href":"https:\/\/progepe.ufpr.br\/portarias\/wp-json\/wp\/v2\/users\/49"}],"replies":[{"embeddable":true,"href":"https:\/\/progepe.ufpr.br\/portarias\/wp-json\/wp\/v2\/comments?post=59257"}],"version-history":[{"count":2,"href":"https:\/\/progepe.ufpr.br\/portarias\/wp-json\/wp\/v2\/posts\/59257\/revisions"}],"predecessor-version":[{"id":90745,"href":"https:\/\/progepe.ufpr.br\/portarias\/wp-json\/wp\/v2\/posts\/59257\/revisions\/90745"}],"wp:attachment":[{"href":"https:\/\/progepe.ufpr.br\/portarias\/wp-json\/wp\/v2\/media?parent=59257"}],"wp:term":[{"taxonomy":"category","embeddable":true,"href":"https:\/\/progepe.ufpr.br\/portarias\/wp-json\/wp\/v2\/categories?post=59257"},{"taxonomy":"post_tag","embeddable":true,"href":"https:\/\/progepe.ufpr.br\/portarias\/wp-json\/wp\/v2\/tags?post=59257"}],"curies":[{"name":"wp","href":"https:\/\/api.w.org\/{rel}","templated":true}]}}