{"id":59265,"date":"2020-11-05T10:00:00","date_gmt":"2020-11-05T13:00:00","guid":{"rendered":"http:\/\/progepe.ufpr.br\/portal\/?post_type=portarias&#038;p=59265"},"modified":"2023-08-03T12:59:06","modified_gmt":"2023-08-03T15:59:06","slug":"progepe-2020-03126","status":"publish","type":"post","link":"https:\/\/progepe.ufpr.br\/portarias\/progepe-2020-03126\/","title":{"rendered":"PORTARIA N\u00ba 03126\/PROGEPE, DE 05 DE NOVEMBRO DE 2020"},"content":{"rendered":"\n<p><strong>O Pr\u00f3-Reitor de Gest\u00e3o de Pessoas da Universidade Federal do Paran\u00e1<\/strong><strong>,<\/strong> no uso de suas atribui\u00e7\u00f5es, tendo em vista a\ncompet\u00eancia que lhe \u00e9 conferida pela Portaria n\u00ba 2.590, de 26 de setembro de\n1997 e considerando o que consta no processo n\u00ba 23075.002762\/2001-72,<\/p>\n\n\n\n<p>RESOLVE:<\/p>\n\n\n\n<p>Cessar, a partir de 01 de novembro de 2020, os efeitos\ndas Portarias n\u00ba 15.487\/PROGEPE, de 18 de julho de 2012, publicada no DOU de\n20.07.2012, Se\u00e7\u00e3o 2, p\u00e1g. 17 e n\u00ba 143\/PROGEPE, de 03 de janeiro de 2013,\npublicada no DOU de 07.01.2013, Se\u00e7\u00e3o 2, p\u00e1g. 17, ambas referentes \u00e0 altera\u00e7\u00e3o\nda aposentadoria de OLIBIA\nMARIA DA SILVA &#8211; 341344, tendo em vista manifesta\u00e7\u00e3o expressa do Tribunal de\nContas da Uni\u00e3o pelo Ac\u00f3rd\u00e3o n\u00ba 11.191\/2020-TCU &#8211; 2\u00aa C\u00e2mara, restabelecendo\nassim os efeitos da Portaria n\u00ba 5.795\/PROGEPE, de 16 de mar\u00e7o de 2001,\npublicada no DOU de 28.03.2001, Se\u00e7\u00e3o 2, p\u00e1g. 06\/07.<\/p>\n\n\n\n<p class=\"has-text-align-right\"><\/p>\n","protected":false},"excerpt":{"rendered":"<p>Cessar, a partir de 01 de novembro de 2020, os efeitos das Portarias n\u00ba 15.487\/PROGEPE, de 18 de julho de 2012, publicada no DOU de 20.07.2012, Se\u00e7\u00e3o 2, p\u00e1g. 17 e n\u00ba 143\/PROGEPE, de 03 de janeiro de 2013, publicada no DOU de 07.01.2013, Se\u00e7\u00e3o 2, p\u00e1g. 17, ambas referentes \u00e0 altera\u00e7\u00e3o da aposentadoria de OLIBIA MARIA DA SILVA &#8211; 341344, tendo em vista manifesta\u00e7\u00e3o expressa do Tribunal de Contas da Uni\u00e3o pelo Ac\u00f3rd\u00e3o n\u00ba 11.191\/2020-TCU &#8211; 2\u00aa C\u00e2mara, restabelecendo assim os efeitos da Portaria n\u00ba 5.795\/PROGEPE, de 16 de mar\u00e7o de 2001, publicada no DOU de 28.03.2001,<\/p>\n","protected":false},"author":49,"featured_media":0,"comment_status":"closed","ping_status":"open","sticky":false,"template":"","format":"standard","meta":{"_acf_changed":false,"iawp_total_views":1,"footnotes":""},"categories":[116],"tags":[125],"class_list":["post-59265","post","type-post","status-publish","format-standard","hentry","category-progepe","tag-aposentadoria"],"acf":[],"_links":{"self":[{"href":"https:\/\/progepe.ufpr.br\/portarias\/wp-json\/wp\/v2\/posts\/59265","targetHints":{"allow":["GET"]}}],"collection":[{"href":"https:\/\/progepe.ufpr.br\/portarias\/wp-json\/wp\/v2\/posts"}],"about":[{"href":"https:\/\/progepe.ufpr.br\/portarias\/wp-json\/wp\/v2\/types\/post"}],"author":[{"embeddable":true,"href":"https:\/\/progepe.ufpr.br\/portarias\/wp-json\/wp\/v2\/users\/49"}],"replies":[{"embeddable":true,"href":"https:\/\/progepe.ufpr.br\/portarias\/wp-json\/wp\/v2\/comments?post=59265"}],"version-history":[{"count":2,"href":"https:\/\/progepe.ufpr.br\/portarias\/wp-json\/wp\/v2\/posts\/59265\/revisions"}],"predecessor-version":[{"id":90749,"href":"https:\/\/progepe.ufpr.br\/portarias\/wp-json\/wp\/v2\/posts\/59265\/revisions\/90749"}],"wp:attachment":[{"href":"https:\/\/progepe.ufpr.br\/portarias\/wp-json\/wp\/v2\/media?parent=59265"}],"wp:term":[{"taxonomy":"category","embeddable":true,"href":"https:\/\/progepe.ufpr.br\/portarias\/wp-json\/wp\/v2\/categories?post=59265"},{"taxonomy":"post_tag","embeddable":true,"href":"https:\/\/progepe.ufpr.br\/portarias\/wp-json\/wp\/v2\/tags?post=59265"}],"curies":[{"name":"wp","href":"https:\/\/api.w.org\/{rel}","templated":true}]}}