{"id":59270,"date":"2020-11-05T10:01:00","date_gmt":"2020-11-05T13:01:00","guid":{"rendered":"http:\/\/progepe.ufpr.br\/portal\/?post_type=portarias&#038;p=59270"},"modified":"2023-08-03T12:59:06","modified_gmt":"2023-08-03T15:59:06","slug":"progepe-2020-03127","status":"publish","type":"post","link":"https:\/\/progepe.ufpr.br\/portarias\/progepe-2020-03127\/","title":{"rendered":"PORTARIA N\u00ba 03127\/PROGEPE, DE 05 DE NOVEMBRO DE 2020"},"content":{"rendered":"\n<p><strong>O Pr\u00f3-Reitor de\nGest\u00e3o de Pessoas da Universidade Federal do Paran\u00e1,<\/strong> no uso de suas atribui\u00e7\u00f5es,\ntendo em vista a compet\u00eancia que lhe \u00e9 conferida pela Portaria n\u00ba 2.590, de 26\nde setembro de 1997; o que consta no Art.\n103 da Lei n\u00ba 8.112\/90; e, o contido no processo n\u00ba 23075.060170\/2020-27,<\/p>\n\n\n\n<p>RESOLVE:<\/p>\n\n\n\n<p>Averbar, a\npartir de 30 de outubro de 2020, em favor da servidora CAROLINA CALOMENO MACHADO &#8211; 1160776, ocupante do cargo de Professora do Magist\u00e9rio Superior, lotada no\nDepartamento de Design do Setor de Artes, Comunica\u00e7\u00e3o e Design, o tempo de\nservi\u00e7o conforme listado abaixo, para fins de aposentadoria e disponibilidade:<\/p>\n\n\n\n<table class=\"wp-block-table\"><tbody><tr><td>\n  EMPRESA\n  <\/td><td>\n  PER\u00cdODO\n  <\/td><td>\n  TOTAL DE DIAS\n  <\/td><\/tr><tr><td>\n  Dimenzo\n  Ind\u00fastria de M\u00f3veis Ltda.\n  <\/td><td>\n  10\/02\/1987 a\n  27\/04\/1987\n  <\/td><td>\n  77\n  <\/td><\/tr><tr><td>\n  Sociedade\n  R\u00e1dio Emissora Paranaense SA\n  <\/td><td>\n  02\/07\/1990 a\n  05\/11\/1991\n  <\/td><td>\n  492\n  <\/td><\/tr><tr><td>\n  CWB TUR\n  Operadora Tur\u00edstica Ltda.\n  <\/td><td>\n  01\/09\/1993 a\n  27\/06\/1995\n  <\/td><td>\n  665\n  <\/td><\/tr><tr><td>\n  Insight\n  Propaganda Ltda.\n  <\/td><td>\n  01\/07\/1996 a\n  30\/10\/1997\n  <\/td><td>\n  487\n  <\/td><\/tr><tr><td>\n  Santa L\u00facia\n  Propaganda e Empreendimentos Ltda.\n  <\/td><td>\n  03\/11\/1997 a\n  30\/11\/1998\n  <\/td><td>\n  393\n  <\/td><\/tr><tr><td>\n  Fonte\n  Comunica\u00e7\u00e3o e Publicidade Ltda.\n  <\/td><td>\n  04\/01\/1999 a\n  05\/11\/1999\n  <\/td><td>\n  306\n  <\/td><\/tr><tr><td>\n  Centro de\n  Estudos Superiores Positivo Ltda.\n  <\/td><td>\n  18\/02\/2002 a\n  21\/04\/2009\n  <\/td><td>\n  2.620\n  <\/td><\/tr><tr><td>\n  Associa\u00e7\u00e3o\n  Franciscana de Ensino Senhor Bom Jesus\n  <\/td><td>\n  22\/04\/2009 a\n  18\/08\/2009\n  <\/td><td>\n  119\n  <\/td><\/tr><\/tbody><\/table>\n\n\n\n<p style=\"text-align:right\">Douglas Ortiz Hamermuller<\/p>\n","protected":false},"excerpt":{"rendered":"<p>Averbar, a partir de 30 de outubro de 2020, em favor da servidora CAROLINA CALOMENO MACHADO &#8211; 1160776, ocupante do cargo de Professora do Magist\u00e9rio Superior, lotada no Departamento de Design do Setor de Artes, Comunica\u00e7\u00e3o e Design, o tempo de servi\u00e7o conforme listado abaixo, para fins de aposentadoria e disponibilidade:  <!-- wp:table \n\n<table class=\"wp-block-table\">\n\n<tbody>\n\n<tr>\n\n<td>  EMPRESA  <\/td>\n\n\n\n<td>  PER\u00cdODO  <\/td>\n\n\n\n<td>  TOTAL DE DIAS  <\/td>\n\n<\/tr>\n\n\n\n<tr>\n\n<td>  Dimenzo  Ind\u00fastria de M\u00f3veis Ltda.  <\/td>\n\n\n\n<td>  10\/02\/1987 a  27\/04\/1987  <\/td>\n\n\n\n<td>  77  <\/td>\n\n<\/tr>\n\n\n\n<tr>\n\n<td>  Sociedade  R\u00e1dio Emissora Paranaense SA\n<\/p>\n","protected":false},"author":49,"featured_media":0,"comment_status":"closed","ping_status":"closed","sticky":false,"template":"","format":"standard","meta":{"_acf_changed":false,"iawp_total_views":1,"footnotes":""},"categories":[116],"tags":[140],"class_list":["post-59270","post","type-post","status-publish","format-standard","hentry","category-progepe","tag-averbacao-desaverbacao"],"acf":[],"_links":{"self":[{"href":"https:\/\/progepe.ufpr.br\/portarias\/wp-json\/wp\/v2\/posts\/59270","targetHints":{"allow":["GET"]}}],"collection":[{"href":"https:\/\/progepe.ufpr.br\/portarias\/wp-json\/wp\/v2\/posts"}],"about":[{"href":"https:\/\/progepe.ufpr.br\/portarias\/wp-json\/wp\/v2\/types\/post"}],"author":[{"embeddable":true,"href":"https:\/\/progepe.ufpr.br\/portarias\/wp-json\/wp\/v2\/users\/49"}],"replies":[{"embeddable":true,"href":"https:\/\/progepe.ufpr.br\/portarias\/wp-json\/wp\/v2\/comments?post=59270"}],"version-history":[{"count":1,"href":"https:\/\/progepe.ufpr.br\/portarias\/wp-json\/wp\/v2\/posts\/59270\/revisions"}],"predecessor-version":[{"id":196271,"href":"https:\/\/progepe.ufpr.br\/portarias\/wp-json\/wp\/v2\/posts\/59270\/revisions\/196271"}],"wp:attachment":[{"href":"https:\/\/progepe.ufpr.br\/portarias\/wp-json\/wp\/v2\/media?parent=59270"}],"wp:term":[{"taxonomy":"category","embeddable":true,"href":"https:\/\/progepe.ufpr.br\/portarias\/wp-json\/wp\/v2\/categories?post=59270"},{"taxonomy":"post_tag","embeddable":true,"href":"https:\/\/progepe.ufpr.br\/portarias\/wp-json\/wp\/v2\/tags?post=59270"}],"curies":[{"name":"wp","href":"https:\/\/api.w.org\/{rel}","templated":true}]}}