{"id":59384,"date":"2020-11-10T20:00:00","date_gmt":"2020-11-10T23:00:00","guid":{"rendered":"http:\/\/progepe.ufpr.br\/portal\/?post_type=portarias&#038;p=59384"},"modified":"2023-08-03T11:03:19","modified_gmt":"2023-08-03T14:03:19","slug":"dd-2020-00714","status":"publish","type":"post","link":"https:\/\/progepe.ufpr.br\/portarias\/dd-2020-00714\/","title":{"rendered":"PORTARIA N\u00ba 00714\/DD, DE 10 DE NOVEMBRO DE 2020"},"content":{"rendered":"\n<p><strong>O Diretor Disciplinar da Universidade Federal do Paran\u00e1, <\/strong>no uso de suas atribui\u00e7\u00f5es, tendo em vista a compet\u00eancia que lhe \u00e9 conferida pela Portaria n\u00ba 593\/REITORIA, de 28 de agosto de 2017, o disposto nos artigos 143, 148, 149 e 152 da Lei n\u00ba 8.112, de 11 de dezembro de 1990, e o que consta no Processo 23075.075836\/2018-27,<\/p>\n\n\n\n<p>RESOLVE:<\/p>\n\n\n\n<p>Designar os servidores ESTELA IRACI RABITO \u2014 1651194, Professora do Magist\u00e9rio Superior, lotada no Departamento de Nutri\u00e7\u00e3o do Setor de Ci\u00eancias da Sa\u00fade; CATIA BUTURE SAMPAIO \u2014 1905897, Assistente Social, lotada na Se\u00e7\u00e3o de Apoio T\u00e9cnico da Diretoria Disciplinar; e ALINE EMMER FERREIRA FURMAN \u2014 2455898, Farmac\u00eautica, lotada no Departamento de An\u00e1lises Cl\u00ednicas do Setor de Ci\u00eancias da Sa\u00fade, para, sob a presid\u00eancia da primeira, constitu\u00edrem Comiss\u00e3o de Processo Administrativo Disciplinar destinada a apurar, no prazo de 60 (sessenta) dias, os fatos de que trata o Processo 23075.075836\/2018-27.<\/p>\n\n\n\n<p style=\"text-align:center\">MANOEL ROBERTO SILVA DE SOUZA<\/p>\n\n\n\n<p style=\"text-align:center\">Diretor\nDisciplinar<\/p>\n","protected":false},"excerpt":{"rendered":"<p>Designar os servidores ESTELA IRACI RABITO \u2014 1651194, Professora do Magist\u00e9rio Superior, lotada no Departamento de Nutri\u00e7\u00e3o do Setor de Ci\u00eancias da Sa\u00fade; CATIA BUTURE SAMPAIO \u2014 1905897, Assistente Social, lotada na Se\u00e7\u00e3o de Apoio T\u00e9cnico da Diretoria Disciplinar; e ALINE EMMER FERREIRA FURMAN \u2014 2455898, Farmac\u00eautica, lotada no Departamento de An\u00e1lises Cl\u00ednicas do Setor de Ci\u00eancias da Sa\u00fade, para, sob a presid\u00eancia da primeira, constitu\u00edrem Comiss\u00e3o de Processo Administrativo Disciplinar destinada a apurar, no prazo de 60 (sessenta) dias, os fatos de que trata o Processo 23075.075836\/2018-27.  <!-- wp:paragraph {\"align\":\"center\"} \n\n<p style=\"text-align:center\">MANOEL ROBERTO SILVA DE SOUZA\n<\/p>\n","protected":false},"author":13,"featured_media":0,"comment_status":"closed","ping_status":"closed","sticky":false,"template":"","format":"standard","meta":{"_acf_changed":false,"iawp_total_views":3,"footnotes":""},"categories":[118],"tags":[132],"class_list":["post-59384","post","type-post","status-publish","format-standard","hentry","category-dd","tag-pad-sindicancia"],"acf":[],"_links":{"self":[{"href":"https:\/\/progepe.ufpr.br\/portarias\/wp-json\/wp\/v2\/posts\/59384","targetHints":{"allow":["GET"]}}],"collection":[{"href":"https:\/\/progepe.ufpr.br\/portarias\/wp-json\/wp\/v2\/posts"}],"about":[{"href":"https:\/\/progepe.ufpr.br\/portarias\/wp-json\/wp\/v2\/types\/post"}],"author":[{"embeddable":true,"href":"https:\/\/progepe.ufpr.br\/portarias\/wp-json\/wp\/v2\/users\/13"}],"replies":[{"embeddable":true,"href":"https:\/\/progepe.ufpr.br\/portarias\/wp-json\/wp\/v2\/comments?post=59384"}],"version-history":[{"count":2,"href":"https:\/\/progepe.ufpr.br\/portarias\/wp-json\/wp\/v2\/posts\/59384\/revisions"}],"predecessor-version":[{"id":196293,"href":"https:\/\/progepe.ufpr.br\/portarias\/wp-json\/wp\/v2\/posts\/59384\/revisions\/196293"}],"wp:attachment":[{"href":"https:\/\/progepe.ufpr.br\/portarias\/wp-json\/wp\/v2\/media?parent=59384"}],"wp:term":[{"taxonomy":"category","embeddable":true,"href":"https:\/\/progepe.ufpr.br\/portarias\/wp-json\/wp\/v2\/categories?post=59384"},{"taxonomy":"post_tag","embeddable":true,"href":"https:\/\/progepe.ufpr.br\/portarias\/wp-json\/wp\/v2\/tags?post=59384"}],"curies":[{"name":"wp","href":"https:\/\/api.w.org\/{rel}","templated":true}]}}