{"id":59423,"date":"2020-11-10T05:00:00","date_gmt":"2020-11-10T08:00:00","guid":{"rendered":"http:\/\/progepe.ufpr.br\/portal\/?post_type=portarias&#038;p=59423"},"modified":"2023-08-03T13:20:37","modified_gmt":"2023-08-03T16:20:37","slug":"rt-2020-01458","status":"publish","type":"post","link":"https:\/\/progepe.ufpr.br\/portarias\/rt-2020-01458\/","title":{"rendered":"PORTARIA N\u00ba 01458\/REITORIA, DE 10 DE NOVEMBRO DE 2020"},"content":{"rendered":"\n<p><strong>O\nReitor da Universidade Federal do Paran\u00e1, <\/strong>no uso de suas atribui\u00e7\u00f5es\nconsiderando o que consta no Art. 9\u00ba, inciso II da Lei n\u00ba 8.112\/90 e tendo em\nvista o que consta no processo n\u00ba 23075.054657\/2020-71,<\/p>\n\n\n\n<p>RESOLVE:<\/p>\n\n\n\n<p>I.\nNomear, a partir da data de publica\u00e7\u00e3o em DOU, a servidora DAYANA\nBRUNETTO CARLIN DOS SANTOS\n&#8211; 1215082, Professora\ndo Magist\u00e9rio Superior, lotada no Departamento de Teoria e Pr\u00e1tica de Ensino do\nSetor de Educa\u00e7\u00e3o, no regime de trabalho de 20 (vinte) horas semanais, para\nexercer o Cargo de Dire\u00e7\u00e3o, CD-4, de Assessora da Assessoria T\u00e9cnica do\nGabinete da Reitoria, autorizado pela Portaria do Minist\u00e9rio da Educa\u00e7\u00e3o n\u00ba\n1.109, de 04 de setembro de 2008, publicada no DOU de 05.09.2008.<\/p>\n\n\n\n<p>II. A citada servidora cumprir\u00e1, obrigatoriamente, o\nregime de trabalho de tempo integral, de acordo com o disposto no \u00a7 5\u00ba, Art. 1\u00ba\nda Lei n\u00ba 8.168\/91.<\/p>\n\n\n\n<p style=\"text-align:right\">Ricardo Marcelo\nFonseca<\/p>\n","protected":false},"excerpt":{"rendered":"<p>I. Nomear, a partir da data de publica\u00e7\u00e3o em DOU, a servidora DAYANA BRUNETTO CARLIN DOS SANTOS &#8211; 1215082, Professora do Magist\u00e9rio Superior, lotada no Departamento de Teoria e Pr\u00e1tica de Ensino do Setor de Educa\u00e7\u00e3o, no regime de trabalho de 20 (vinte) horas semanais, para exercer o Cargo de Dire\u00e7\u00e3o, CD-4, de Assessora da Assessoria T\u00e9cnica do Gabinete da Reitoria, autorizado pela Portaria do Minist\u00e9rio da Educa\u00e7\u00e3o n\u00ba 1.109, de 04 de setembro de 2008, publicada no DOU de 05.09.2008.  II. A citada servidora cumprir\u00e1, obrigatoriamente, o regime de trabalho de tempo integral, de acordo com<\/p>\n","protected":false},"author":49,"featured_media":0,"comment_status":"closed","ping_status":"closed","sticky":false,"template":"","format":"standard","meta":{"_acf_changed":false,"iawp_total_views":0,"footnotes":""},"categories":[117],"tags":[120],"class_list":["post-59423","post","type-post","status-publish","format-standard","hentry","category-rt","tag-funcao"],"acf":[],"_links":{"self":[{"href":"https:\/\/progepe.ufpr.br\/portarias\/wp-json\/wp\/v2\/posts\/59423","targetHints":{"allow":["GET"]}}],"collection":[{"href":"https:\/\/progepe.ufpr.br\/portarias\/wp-json\/wp\/v2\/posts"}],"about":[{"href":"https:\/\/progepe.ufpr.br\/portarias\/wp-json\/wp\/v2\/types\/post"}],"author":[{"embeddable":true,"href":"https:\/\/progepe.ufpr.br\/portarias\/wp-json\/wp\/v2\/users\/49"}],"replies":[{"embeddable":true,"href":"https:\/\/progepe.ufpr.br\/portarias\/wp-json\/wp\/v2\/comments?post=59423"}],"version-history":[{"count":1,"href":"https:\/\/progepe.ufpr.br\/portarias\/wp-json\/wp\/v2\/posts\/59423\/revisions"}],"predecessor-version":[{"id":196299,"href":"https:\/\/progepe.ufpr.br\/portarias\/wp-json\/wp\/v2\/posts\/59423\/revisions\/196299"}],"wp:attachment":[{"href":"https:\/\/progepe.ufpr.br\/portarias\/wp-json\/wp\/v2\/media?parent=59423"}],"wp:term":[{"taxonomy":"category","embeddable":true,"href":"https:\/\/progepe.ufpr.br\/portarias\/wp-json\/wp\/v2\/categories?post=59423"},{"taxonomy":"post_tag","embeddable":true,"href":"https:\/\/progepe.ufpr.br\/portarias\/wp-json\/wp\/v2\/tags?post=59423"}],"curies":[{"name":"wp","href":"https:\/\/api.w.org\/{rel}","templated":true}]}}