{"id":59440,"date":"2020-11-04T05:05:00","date_gmt":"2020-11-04T08:05:00","guid":{"rendered":"http:\/\/progepe.ufpr.br\/portal\/?post_type=portarias&#038;p=59440"},"modified":"2023-08-03T13:20:37","modified_gmt":"2023-08-03T16:20:37","slug":"rt-2020-01451","status":"publish","type":"post","link":"https:\/\/progepe.ufpr.br\/portarias\/rt-2020-01451\/","title":{"rendered":"PORTARIA N\u00ba 01451\/REITORIA, DE 04 DE NOVEMBRO DE 2020"},"content":{"rendered":"\n<p><strong>O Reitor da Universidade Federal\ndo Paran\u00e1, <\/strong>no uso de suas\natribui\u00e7\u00f5es, tendo em vista a compet\u00eancia que lhe \u00e9 conferida pelo Art. 30,\nInciso V do Estatuto da UFPR; o disposto nos Artigos 143, 148, 149, 150 e 152\nda Lei n\u00ba 8.112\/1990; e, o que consta no processo n\u00ba 23075.057803\/2019-86 e\nrelacionados,<\/p>\n\n\n\n<p>RESOLVE:<\/p>\n\n\n\n<p>Prorrogar por 60 (sessenta) dias, a contar de 08\nde novembro de 2020, o prazo para conclus\u00e3o dos trabalhos da Comiss\u00e3o de\nProcesso Administrativo Disciplinar, de que trata a Portaria n\u00ba 1.350\/REITORIA,\nde 04 de setembro de 2020.<\/p>\n\n\n\n<p style=\"text-align:right\">Ricardo\nMarcelo Fonseca<\/p>\n","protected":false},"excerpt":{"rendered":"<p>Prorrogar por 60 (sessenta) dias, a contar de 08 de novembro de 2020, o prazo para conclus\u00e3o dos trabalhos da Comiss\u00e3o de Processo Administrativo Disciplinar, de que trata a Portaria n\u00ba 1.350\/REITORIA, de 04 de setembro de 2020.  <!-- wp:paragraph {\"align\":\"right\"} \n\n<p style=\"text-align:right\">Ricardo Marcelo Fonseca\n<\/p>\n","protected":false},"author":49,"featured_media":0,"comment_status":"closed","ping_status":"closed","sticky":false,"template":"","format":"standard","meta":{"_acf_changed":false,"iawp_total_views":1,"footnotes":""},"categories":[117],"tags":[132],"class_list":["post-59440","post","type-post","status-publish","format-standard","hentry","category-rt","tag-pad-sindicancia"],"acf":[],"_links":{"self":[{"href":"https:\/\/progepe.ufpr.br\/portarias\/wp-json\/wp\/v2\/posts\/59440","targetHints":{"allow":["GET"]}}],"collection":[{"href":"https:\/\/progepe.ufpr.br\/portarias\/wp-json\/wp\/v2\/posts"}],"about":[{"href":"https:\/\/progepe.ufpr.br\/portarias\/wp-json\/wp\/v2\/types\/post"}],"author":[{"embeddable":true,"href":"https:\/\/progepe.ufpr.br\/portarias\/wp-json\/wp\/v2\/users\/49"}],"replies":[{"embeddable":true,"href":"https:\/\/progepe.ufpr.br\/portarias\/wp-json\/wp\/v2\/comments?post=59440"}],"version-history":[{"count":1,"href":"https:\/\/progepe.ufpr.br\/portarias\/wp-json\/wp\/v2\/posts\/59440\/revisions"}],"predecessor-version":[{"id":196302,"href":"https:\/\/progepe.ufpr.br\/portarias\/wp-json\/wp\/v2\/posts\/59440\/revisions\/196302"}],"wp:attachment":[{"href":"https:\/\/progepe.ufpr.br\/portarias\/wp-json\/wp\/v2\/media?parent=59440"}],"wp:term":[{"taxonomy":"category","embeddable":true,"href":"https:\/\/progepe.ufpr.br\/portarias\/wp-json\/wp\/v2\/categories?post=59440"},{"taxonomy":"post_tag","embeddable":true,"href":"https:\/\/progepe.ufpr.br\/portarias\/wp-json\/wp\/v2\/tags?post=59440"}],"curies":[{"name":"wp","href":"https:\/\/api.w.org\/{rel}","templated":true}]}}