{"id":59491,"date":"2020-11-10T10:01:00","date_gmt":"2020-11-10T13:01:00","guid":{"rendered":"http:\/\/progepe.ufpr.br\/portal\/?post_type=portarias&#038;p=59491"},"modified":"2023-08-03T12:59:12","modified_gmt":"2023-08-03T15:59:12","slug":"progepe-2020-03173","status":"publish","type":"post","link":"https:\/\/progepe.ufpr.br\/portarias\/progepe-2020-03173\/","title":{"rendered":"PORTARIA N\u00ba 03173\/PROGEPE, DE 10 DE NOVEMBRO DE 2020"},"content":{"rendered":"\n<p><strong>O Pr\u00f3-Reitor de Gest\u00e3o de Pessoas da Universidade Federal do Paran\u00e1,<\/strong>  no uso de suas atribui\u00e7\u00f5es, tendo em vista a compet\u00eancia que lhe \u00e9  conferida pela Portaria n\u00ba 2.590, de 26 de setembro de 1997,  considerando o que consta na Resolu\u00e7\u00e3o n\u00ba 10\/2014-CEPE e ainda o que  consta no processo n\u00ba 23075.046499\/2020-85; <\/p>\n\n\n\n<p>RESOLVE:<\/p>\n\n\n\n<p> Conceder promo\u00e7\u00e3o funcional ao servidor ANDRE LUIZ PIRES GUEDES &#8211;  344045, lotado no Departamento de Inform\u00e1tica do Setor de Ci\u00eancias  Exatas, do n\u00edvel 7-04 da classe D &#8211; Associado para o n\u00edvel 8-01 da  classe E &#8211; Titular, conforme parecer da CPPD na avalia\u00e7\u00e3o de desempenho,  a partir de 24 de novembro de 2020. <\/p>\n\n\n\n<p style=\"text-align:right\"><strong>DOUGLAS ORTIZ HAMERMULLER<\/strong><\/p>\n","protected":false},"excerpt":{"rendered":"<p>Conceder promo\u00e7\u00e3o funcional ao servidor ANDRE LUIZ PIRES GUEDES &#8211; 344045, lotado no Departamento de Inform\u00e1tica do Setor de Ci\u00eancias Exatas, do n\u00edvel 7-04 da classe D &#8211; Associado para o n\u00edvel 8-01 da classe E &#8211; Titular, conforme parecer da CPPD na avalia\u00e7\u00e3o de desempenho, a partir de 24 de novembro de 2020.  <!-- wp:paragraph {\"align\":\"right\"} \n\n<p style=\"text-align:right\"><strong>DOUGLAS ORTIZ HAMERMULLER<\/strong>\n<\/p>\n","protected":false},"author":48,"featured_media":0,"comment_status":"closed","ping_status":"closed","sticky":false,"template":"","format":"standard","meta":{"_acf_changed":false,"iawp_total_views":0,"footnotes":""},"categories":[116],"tags":[143],"class_list":["post-59491","post","type-post","status-publish","format-standard","hentry","category-progepe","tag-progressao-promocao"],"acf":[],"_links":{"self":[{"href":"https:\/\/progepe.ufpr.br\/portarias\/wp-json\/wp\/v2\/posts\/59491","targetHints":{"allow":["GET"]}}],"collection":[{"href":"https:\/\/progepe.ufpr.br\/portarias\/wp-json\/wp\/v2\/posts"}],"about":[{"href":"https:\/\/progepe.ufpr.br\/portarias\/wp-json\/wp\/v2\/types\/post"}],"author":[{"embeddable":true,"href":"https:\/\/progepe.ufpr.br\/portarias\/wp-json\/wp\/v2\/users\/48"}],"replies":[{"embeddable":true,"href":"https:\/\/progepe.ufpr.br\/portarias\/wp-json\/wp\/v2\/comments?post=59491"}],"version-history":[{"count":1,"href":"https:\/\/progepe.ufpr.br\/portarias\/wp-json\/wp\/v2\/posts\/59491\/revisions"}],"predecessor-version":[{"id":196309,"href":"https:\/\/progepe.ufpr.br\/portarias\/wp-json\/wp\/v2\/posts\/59491\/revisions\/196309"}],"wp:attachment":[{"href":"https:\/\/progepe.ufpr.br\/portarias\/wp-json\/wp\/v2\/media?parent=59491"}],"wp:term":[{"taxonomy":"category","embeddable":true,"href":"https:\/\/progepe.ufpr.br\/portarias\/wp-json\/wp\/v2\/categories?post=59491"},{"taxonomy":"post_tag","embeddable":true,"href":"https:\/\/progepe.ufpr.br\/portarias\/wp-json\/wp\/v2\/tags?post=59491"}],"curies":[{"name":"wp","href":"https:\/\/api.w.org\/{rel}","templated":true}]}}