{"id":59542,"date":"2020-11-11T10:11:00","date_gmt":"2020-11-11T13:11:00","guid":{"rendered":"http:\/\/progepe.ufpr.br\/portal\/?post_type=portarias&#038;p=59542"},"modified":"2023-08-03T12:59:16","modified_gmt":"2023-08-03T15:59:16","slug":"progepe-2020-03203","status":"publish","type":"post","link":"https:\/\/progepe.ufpr.br\/portarias\/progepe-2020-03203\/","title":{"rendered":"PORTARIA N\u00ba 03203\/PROGEPE, DE 11 DE NOVEMBRO DE 2020"},"content":{"rendered":"\n<p><strong>O\nPr\u00f3-Reitor de Gest\u00e3o de Pessoas da Universidade Federal do Paran\u00e1<\/strong>,\nno uso de suas atribui\u00e7\u00f5es, que lhe confere ato normativo Portaria n.\n2.590\/REITORIA, de 26 de setembro de 1997 e considerando o disposto em ATO DE\nCONCESS\u00c3O n\u00ba 171 de 29\/03\/2016,<\/p>\n\n\n\n<p>RESOLVE:<\/p>\n\n\n\n<p>Conceder o adicional ocupacional, conforme listado,\ntendo em vista: a) Processo: 23075.060693\/2020-73; e, b) Parecer T\u00e9cnico:\n242\/2020-UST.<\/p>\n\n\n\n<p>Servidor: ANTONIO ADALIGIO SERAFINI.\nCargo: TECNICO EM RADIOLOGIA. Lota\u00e7\u00e3o: 749 &#8211;\nHC\/DAS\/IR-SV DE TOMOGRAFIA COMPUTADORIZA. Adicional: RAIOS-X\nGRAU \u00daNICO. In\u00edcio da Concess\u00e3o: 01\/11\/2020.<\/p>\n\n\n\n<p style=\"text-align:right\">Douglas Ortiz Hamermuller<\/p>\n","protected":false},"excerpt":{"rendered":"<p>Conceder o adicional ocupacional, conforme listado, tendo em vista: a) Processo: 23075.060693\/2020-73; e, b) Parecer T\u00e9cnico: 242\/2020-UST.  Servidor: ANTONIO ADALIGIO SERAFINI. Cargo: TECNICO EM RADIOLOGIA. Lota\u00e7\u00e3o: 749 &#8211; HC\/DAS\/IR-SV DE TOMOGRAFIA COMPUTADORIZA. Adicional: RAIOS-X GRAU \u00daNICO. In\u00edcio da Concess\u00e3o: 01\/11\/2020.  <!-- wp:paragraph {\"align\":\"right\"} \n\n<p style=\"text-align:right\">Douglas Ortiz Hamermuller\n<\/p>\n","protected":false},"author":49,"featured_media":0,"comment_status":"closed","ping_status":"closed","sticky":false,"template":"","format":"standard","meta":{"_acf_changed":false,"iawp_total_views":0,"footnotes":""},"categories":[116],"tags":[139],"class_list":["post-59542","post","type-post","status-publish","format-standard","hentry","category-progepe","tag-adicional"],"acf":[],"_links":{"self":[{"href":"https:\/\/progepe.ufpr.br\/portarias\/wp-json\/wp\/v2\/posts\/59542","targetHints":{"allow":["GET"]}}],"collection":[{"href":"https:\/\/progepe.ufpr.br\/portarias\/wp-json\/wp\/v2\/posts"}],"about":[{"href":"https:\/\/progepe.ufpr.br\/portarias\/wp-json\/wp\/v2\/types\/post"}],"author":[{"embeddable":true,"href":"https:\/\/progepe.ufpr.br\/portarias\/wp-json\/wp\/v2\/users\/49"}],"replies":[{"embeddable":true,"href":"https:\/\/progepe.ufpr.br\/portarias\/wp-json\/wp\/v2\/comments?post=59542"}],"version-history":[{"count":1,"href":"https:\/\/progepe.ufpr.br\/portarias\/wp-json\/wp\/v2\/posts\/59542\/revisions"}],"predecessor-version":[{"id":196313,"href":"https:\/\/progepe.ufpr.br\/portarias\/wp-json\/wp\/v2\/posts\/59542\/revisions\/196313"}],"wp:attachment":[{"href":"https:\/\/progepe.ufpr.br\/portarias\/wp-json\/wp\/v2\/media?parent=59542"}],"wp:term":[{"taxonomy":"category","embeddable":true,"href":"https:\/\/progepe.ufpr.br\/portarias\/wp-json\/wp\/v2\/categories?post=59542"},{"taxonomy":"post_tag","embeddable":true,"href":"https:\/\/progepe.ufpr.br\/portarias\/wp-json\/wp\/v2\/tags?post=59542"}],"curies":[{"name":"wp","href":"https:\/\/api.w.org\/{rel}","templated":true}]}}