{"id":59638,"date":"2020-11-11T10:18:00","date_gmt":"2020-11-11T13:18:00","guid":{"rendered":"http:\/\/progepe.ufpr.br\/portal\/?post_type=portarias&#038;p=59638"},"modified":"2023-08-03T12:59:17","modified_gmt":"2023-08-03T15:59:17","slug":"progepe-2020-03210","status":"publish","type":"post","link":"https:\/\/progepe.ufpr.br\/portarias\/progepe-2020-03210\/","title":{"rendered":"PORTARIA N\u00ba 03210\/PROGEPE, DE 11 DE NOVEMBRO DE 2020"},"content":{"rendered":"\n<p><strong>O Pr\u00f3-Reitor de Gest\u00e3o de Pessoas da Universidade Federal do Paran\u00e1, <\/strong>no  uso de suas atribui\u00e7\u00f5es, tendo em vista a compet\u00eancia que lhe \u00e9  conferida pela Portaria n\u00ba 2.590, de 26 de setembro de 1997; o que  consta no Art. 87 da Lei n\u00ba 8.112\/90; Art. 10 do Decreto n\u00ba 9.991\/2019;  e, o que consta no processo n\u00ba 23075.059002\/2020-99, <\/p>\n\n\n\n<p>RESOLVE:<\/p>\n\n\n\n<p> Autorizar a licen\u00e7a para capacita\u00e7\u00e3o, referente ao per\u00edodo aquisitivo de  03\/07\/2011 a 30\/06\/2016, da servidora PAULA FERNANDA NOGUEIRA RAMALHO &#8211;  1537740, ocupante do cargo Assistente em Administra\u00e7\u00e3o, lotada na Se\u00e7\u00e3o  de Gest\u00e3o Administrativa do Gabinete da Dire\u00e7\u00e3o do Setor Litoral, para  realizar o curso na modalidade \u00e0 dist\u00e2ncia &#8220;Gest\u00e3o e Organiza\u00e7\u00e3o  Escolar&#8221;,\u00a0na Unieducar Intelig\u00eancia Educacional S\/S Ltda. ME em  Fortaleza\/Cear\u00e1, no per\u00edodo de 23\/11\/2020 a 21\/01\/2021. <\/p>\n\n\n\n<p style=\"text-align:right\"><strong>DOUGLAS ORTIZ HAMERMULLER<\/strong><\/p>\n","protected":false},"excerpt":{"rendered":"<p>Autorizar a licen\u00e7a para capacita\u00e7\u00e3o, referente ao per\u00edodo aquisitivo de 03\/07\/2011 a 30\/06\/2016, da servidora PAULA FERNANDA NOGUEIRA RAMALHO &#8211; 1537740, ocupante do cargo Assistente em Administra\u00e7\u00e3o, lotada na Se\u00e7\u00e3o de Gest\u00e3o Administrativa do Gabinete da Dire\u00e7\u00e3o do Setor Litoral, para realizar o curso na modalidade \u00e0 dist\u00e2ncia &#8220;Gest\u00e3o e Organiza\u00e7\u00e3o Escolar&#8221;,\u00a0na Unieducar Intelig\u00eancia Educacional S\/S Ltda. ME em Fortaleza\/Cear\u00e1, no per\u00edodo de 23\/11\/2020 a 21\/01\/2021.  <!-- wp:paragraph {\"align\":\"right\"} \n\n<p style=\"text-align:right\"><strong>DOUGLAS ORTIZ HAMERMULLER<\/strong>\n<\/p>\n","protected":false},"author":48,"featured_media":0,"comment_status":"closed","ping_status":"closed","sticky":false,"template":"","format":"standard","meta":{"_acf_changed":false,"iawp_total_views":0,"footnotes":""},"categories":[116],"tags":[123],"class_list":["post-59638","post","type-post","status-publish","format-standard","hentry","category-progepe","tag-afastamento-licenca"],"acf":[],"_links":{"self":[{"href":"https:\/\/progepe.ufpr.br\/portarias\/wp-json\/wp\/v2\/posts\/59638","targetHints":{"allow":["GET"]}}],"collection":[{"href":"https:\/\/progepe.ufpr.br\/portarias\/wp-json\/wp\/v2\/posts"}],"about":[{"href":"https:\/\/progepe.ufpr.br\/portarias\/wp-json\/wp\/v2\/types\/post"}],"author":[{"embeddable":true,"href":"https:\/\/progepe.ufpr.br\/portarias\/wp-json\/wp\/v2\/users\/48"}],"replies":[{"embeddable":true,"href":"https:\/\/progepe.ufpr.br\/portarias\/wp-json\/wp\/v2\/comments?post=59638"}],"version-history":[{"count":1,"href":"https:\/\/progepe.ufpr.br\/portarias\/wp-json\/wp\/v2\/posts\/59638\/revisions"}],"predecessor-version":[{"id":196330,"href":"https:\/\/progepe.ufpr.br\/portarias\/wp-json\/wp\/v2\/posts\/59638\/revisions\/196330"}],"wp:attachment":[{"href":"https:\/\/progepe.ufpr.br\/portarias\/wp-json\/wp\/v2\/media?parent=59638"}],"wp:term":[{"taxonomy":"category","embeddable":true,"href":"https:\/\/progepe.ufpr.br\/portarias\/wp-json\/wp\/v2\/categories?post=59638"},{"taxonomy":"post_tag","embeddable":true,"href":"https:\/\/progepe.ufpr.br\/portarias\/wp-json\/wp\/v2\/tags?post=59638"}],"curies":[{"name":"wp","href":"https:\/\/api.w.org\/{rel}","templated":true}]}}