{"id":59773,"date":"2020-11-16T10:00:00","date_gmt":"2020-11-16T13:00:00","guid":{"rendered":"http:\/\/progepe.ufpr.br\/portal\/?post_type=portarias&#038;p=59773"},"modified":"2023-08-03T12:59:19","modified_gmt":"2023-08-03T15:59:19","slug":"progepe-2020-03228","status":"publish","type":"post","link":"https:\/\/progepe.ufpr.br\/portarias\/progepe-2020-03228\/","title":{"rendered":"PORTARIA N\u00ba 03228\/PROGEPE, DE 16 DE NOVEMBRO DE 2020"},"content":{"rendered":"\n<p><strong>O Pr\u00f3-Reitor de Gest\u00e3o de Pessoas da Universidade Federal do Paran\u00e1, <\/strong>no uso de\nsuas atribui\u00e7\u00f5es, tendo em vista a compet\u00eancia que lhe \u00e9 conferida pela\nPortaria n\u00ba 2.590, de 26 de setembro de 1997 e considerando o que consta no\nprocesso n\u00ba 23075.055548\/2020-71,<\/p>\n\n\n\n<p>RESOLVE:<\/p>\n\n\n\n<p>Autorizar o afastamento integral da servidora MARIA ISABEL DE MAGALH\u00c3ES\nPAPATERRA LIMONGI &#8211; 344323, ocupante do cargo de Professora do Magist\u00e9rio\nSuperior, lotada no Departamento de Filosofia do Setor de Ci\u00eancias Humanas, com\na finalidade de realizar P\u00f3s-Doutorado em Filosofia junto ao Departamento de\nFilosofia da Faculdade de Filosofia, Letras e Ci\u00eancias Humanas da Universidade\nde S\u00e3o Paulo, no per\u00edodo de 30 de novembro de 2020 a 30 de agosto de 2021, com\n\u00f4nus limitado para a UFPR.<\/p>\n\n\n\n<p style=\"text-align:right\">Douglas Ortiz Hamermuller<\/p>\n","protected":false},"excerpt":{"rendered":"<p>Autorizar o afastamento integral da servidora MARIA ISABEL DE MAGALH\u00c3ES PAPATERRA LIMONGI &#8211; 344323, ocupante do cargo de Professora do Magist\u00e9rio Superior, lotada no Departamento de Filosofia do Setor de Ci\u00eancias Humanas, com a finalidade de realizar P\u00f3s-Doutorado em Filosofia junto ao Departamento de Filosofia da Faculdade de Filosofia, Letras e Ci\u00eancias Humanas da Universidade de S\u00e3o Paulo, no per\u00edodo de 30 de novembro de 2020 a 30 de agosto de 2021, com \u00f4nus limitado para a UFPR.  <!-- wp:paragraph {\"align\":\"right\"} \n\n<p style=\"text-align:right\">Douglas Ortiz Hamermuller\n<\/p>\n","protected":false},"author":49,"featured_media":0,"comment_status":"closed","ping_status":"closed","sticky":false,"template":"","format":"standard","meta":{"_acf_changed":false,"iawp_total_views":0,"footnotes":""},"categories":[116],"tags":[123],"class_list":["post-59773","post","type-post","status-publish","format-standard","hentry","category-progepe","tag-afastamento-licenca"],"acf":[],"_links":{"self":[{"href":"https:\/\/progepe.ufpr.br\/portarias\/wp-json\/wp\/v2\/posts\/59773","targetHints":{"allow":["GET"]}}],"collection":[{"href":"https:\/\/progepe.ufpr.br\/portarias\/wp-json\/wp\/v2\/posts"}],"about":[{"href":"https:\/\/progepe.ufpr.br\/portarias\/wp-json\/wp\/v2\/types\/post"}],"author":[{"embeddable":true,"href":"https:\/\/progepe.ufpr.br\/portarias\/wp-json\/wp\/v2\/users\/49"}],"replies":[{"embeddable":true,"href":"https:\/\/progepe.ufpr.br\/portarias\/wp-json\/wp\/v2\/comments?post=59773"}],"version-history":[{"count":1,"href":"https:\/\/progepe.ufpr.br\/portarias\/wp-json\/wp\/v2\/posts\/59773\/revisions"}],"predecessor-version":[{"id":196352,"href":"https:\/\/progepe.ufpr.br\/portarias\/wp-json\/wp\/v2\/posts\/59773\/revisions\/196352"}],"wp:attachment":[{"href":"https:\/\/progepe.ufpr.br\/portarias\/wp-json\/wp\/v2\/media?parent=59773"}],"wp:term":[{"taxonomy":"category","embeddable":true,"href":"https:\/\/progepe.ufpr.br\/portarias\/wp-json\/wp\/v2\/categories?post=59773"},{"taxonomy":"post_tag","embeddable":true,"href":"https:\/\/progepe.ufpr.br\/portarias\/wp-json\/wp\/v2\/tags?post=59773"}],"curies":[{"name":"wp","href":"https:\/\/api.w.org\/{rel}","templated":true}]}}