{"id":59782,"date":"2020-11-16T10:05:00","date_gmt":"2020-11-16T13:05:00","guid":{"rendered":"http:\/\/progepe.ufpr.br\/portal\/?post_type=portarias&#038;p=59782"},"modified":"2023-08-03T12:59:20","modified_gmt":"2023-08-03T15:59:20","slug":"progepe-2020-03233","status":"publish","type":"post","link":"https:\/\/progepe.ufpr.br\/portarias\/progepe-2020-03233\/","title":{"rendered":"PORTARIA N\u00ba 03233\/PROGEPE, DE 16 DE NOVEMBRO DE 2020"},"content":{"rendered":"\n<p><strong>O Pr\u00f3-Reitor de Gest\u00e3o de Pessoas da Universidade Federal do Paran\u00e1, <\/strong>no  uso de suas atribui\u00e7\u00f5es, tendo em vista a compet\u00eancia que lhe \u00e9  conferida pela Portaria n\u00ba 2.590, de 26 de setembro de 1997, de acordo  com os Artigos 11 e 12 da Lei n\u00ba 11.091\/05; os Anexos II e III do  Decreto n\u00ba 5.824\/06, Portaria n\u00ba 18.908\/2016 PROGEPE\/UFPR; Of\u00edcio  Circular SEI n\u00ba 2\/2019\/CGCARASSES\/CGCAR\/DESEN\/SGP\/SEDGG-ME; e, o que  consta no processo n\u00ba 23075.053230\/2020-55; <\/p>\n\n\n\n<p>RESOLVE:<\/p>\n\n\n\n<p> Conceder o Incentivo \u00e0 Qualifica\u00e7\u00e3o no percentual de 30% (trinta) por  cento, a partir de 02 de outubro de 2020, ao servidor LEANDRO MACIEL  CORREA &#8211; 2043725, ocupante do cargo de T\u00e9cnico de Tecnologia da  Informa\u00e7\u00e3o, lotado na Unidade de Apoio Administrativo do Setor de  Ci\u00eancias da Terra, tendo em vista ter apresentado Certificado do Curso  de P\u00f3s-Gradua\u00e7\u00e3o\u00a0<em>Lato Sensu<\/em>\u00a0em n\u00edvel de\u00a0Especializa\u00e7\u00e3o em Gest\u00e3o P\u00fablica, emitido pela Faculdade UNINA. <\/p>\n\n\n\n<p style=\"text-align:right\"><strong>DOUGLAS ORTIZ HAMERMULLER<\/strong><\/p>\n","protected":false},"excerpt":{"rendered":"<p>Conceder o Incentivo \u00e0 Qualifica\u00e7\u00e3o no percentual de 30% (trinta) por cento, a partir de 02 de outubro de 2020, ao servidor LEANDRO MACIEL CORREA &#8211; 2043725, ocupante do cargo de T\u00e9cnico de Tecnologia da Informa\u00e7\u00e3o, lotado na Unidade de Apoio Administrativo do Setor de Ci\u00eancias da Terra, tendo em vista ter apresentado Certificado do Curso de P\u00f3s-Gradua\u00e7\u00e3o\u00a0<em>Lato Sensu<\/em>\u00a0em n\u00edvel de\u00a0Especializa\u00e7\u00e3o em Gest\u00e3o P\u00fablica, emitido pela Faculdade UNINA.  <!-- wp:paragraph {\"align\":\"right\"} \n\n<p style=\"text-align:right\"><strong>DOUGLAS ORTIZ HAMERMULLER<\/strong>\n<\/p>\n","protected":false},"author":48,"featured_media":0,"comment_status":"closed","ping_status":"closed","sticky":false,"template":"","format":"standard","meta":{"_acf_changed":false,"iawp_total_views":0,"footnotes":""},"categories":[116],"tags":[142],"class_list":["post-59782","post","type-post","status-publish","format-standard","hentry","category-progepe","tag-incentivo-qualificacao"],"acf":[],"_links":{"self":[{"href":"https:\/\/progepe.ufpr.br\/portarias\/wp-json\/wp\/v2\/posts\/59782","targetHints":{"allow":["GET"]}}],"collection":[{"href":"https:\/\/progepe.ufpr.br\/portarias\/wp-json\/wp\/v2\/posts"}],"about":[{"href":"https:\/\/progepe.ufpr.br\/portarias\/wp-json\/wp\/v2\/types\/post"}],"author":[{"embeddable":true,"href":"https:\/\/progepe.ufpr.br\/portarias\/wp-json\/wp\/v2\/users\/48"}],"replies":[{"embeddable":true,"href":"https:\/\/progepe.ufpr.br\/portarias\/wp-json\/wp\/v2\/comments?post=59782"}],"version-history":[{"count":1,"href":"https:\/\/progepe.ufpr.br\/portarias\/wp-json\/wp\/v2\/posts\/59782\/revisions"}],"predecessor-version":[{"id":196353,"href":"https:\/\/progepe.ufpr.br\/portarias\/wp-json\/wp\/v2\/posts\/59782\/revisions\/196353"}],"wp:attachment":[{"href":"https:\/\/progepe.ufpr.br\/portarias\/wp-json\/wp\/v2\/media?parent=59782"}],"wp:term":[{"taxonomy":"category","embeddable":true,"href":"https:\/\/progepe.ufpr.br\/portarias\/wp-json\/wp\/v2\/categories?post=59782"},{"taxonomy":"post_tag","embeddable":true,"href":"https:\/\/progepe.ufpr.br\/portarias\/wp-json\/wp\/v2\/tags?post=59782"}],"curies":[{"name":"wp","href":"https:\/\/api.w.org\/{rel}","templated":true}]}}