{"id":59917,"date":"2020-11-16T05:06:00","date_gmt":"2020-11-16T08:06:00","guid":{"rendered":"http:\/\/progepe.ufpr.br\/portal\/?post_type=portarias&#038;p=59917"},"modified":"2023-08-03T13:20:40","modified_gmt":"2023-08-03T16:20:40","slug":"rt-2020-01479","status":"publish","type":"post","link":"https:\/\/progepe.ufpr.br\/portarias\/rt-2020-01479\/","title":{"rendered":"PORTARIA N\u00ba 01479\/REITORIA, DE 16 DE NOVEMBRO DE 2020"},"content":{"rendered":"\n<p><strong>O Reitor da Universidade Federal do Paran\u00e1, <\/strong>no uso de\nsuas atribui\u00e7\u00f5es e tendo em vista o que consta no processo n\u00ba 23075.053143\/2020-06,<\/p>\n\n\n\n<p>RESOLVE:<\/p>\n\n\n\n<p>Designar os\nservidores GUILHERME SIPPEL MACHADO &#8211; 1068216, Professor do Magist\u00e9rio Superior e MARCELO\nRENATO LAMOUR &#8211; 2518591, Professor do Magist\u00e9rio Superior, como representantes\ndo Campus Pontal do Paran\u00e1 &#8211; Centro de Estudos do Mar, junto a Comiss\u00e3o\nPermanente de Pessoal Docente &#8211; CPPD, por 02 (dois) anos, a partir de 07 de\ndezembro de 2020.<\/p>\n\n\n\n<p style=\"text-align:right\">Ricardo\nMarcelo Fonseca<\/p>\n","protected":false},"excerpt":{"rendered":"<p>Designar os servidores GUILHERME SIPPEL MACHADO &#8211; 1068216, Professor do Magist\u00e9rio Superior e MARCELO RENATO LAMOUR &#8211; 2518591, Professor do Magist\u00e9rio Superior, como representantes do Campus Pontal do Paran\u00e1 &#8211; Centro de Estudos do Mar, junto a Comiss\u00e3o Permanente de Pessoal Docente &#8211; CPPD, por 02 (dois) anos, a partir de 07 de dezembro de 2020.  <!-- wp:paragraph {\"align\":\"right\"} \n\n<p style=\"text-align:right\">Ricardo Marcelo Fonseca\n<\/p>\n","protected":false},"author":49,"featured_media":0,"comment_status":"closed","ping_status":"closed","sticky":false,"template":"","format":"standard","meta":{"_acf_changed":false,"iawp_total_views":0,"footnotes":""},"categories":[117],"tags":[126],"class_list":["post-59917","post","type-post","status-publish","format-standard","hentry","category-rt","tag-representante"],"acf":[],"_links":{"self":[{"href":"https:\/\/progepe.ufpr.br\/portarias\/wp-json\/wp\/v2\/posts\/59917","targetHints":{"allow":["GET"]}}],"collection":[{"href":"https:\/\/progepe.ufpr.br\/portarias\/wp-json\/wp\/v2\/posts"}],"about":[{"href":"https:\/\/progepe.ufpr.br\/portarias\/wp-json\/wp\/v2\/types\/post"}],"author":[{"embeddable":true,"href":"https:\/\/progepe.ufpr.br\/portarias\/wp-json\/wp\/v2\/users\/49"}],"replies":[{"embeddable":true,"href":"https:\/\/progepe.ufpr.br\/portarias\/wp-json\/wp\/v2\/comments?post=59917"}],"version-history":[{"count":1,"href":"https:\/\/progepe.ufpr.br\/portarias\/wp-json\/wp\/v2\/posts\/59917\/revisions"}],"predecessor-version":[{"id":196370,"href":"https:\/\/progepe.ufpr.br\/portarias\/wp-json\/wp\/v2\/posts\/59917\/revisions\/196370"}],"wp:attachment":[{"href":"https:\/\/progepe.ufpr.br\/portarias\/wp-json\/wp\/v2\/media?parent=59917"}],"wp:term":[{"taxonomy":"category","embeddable":true,"href":"https:\/\/progepe.ufpr.br\/portarias\/wp-json\/wp\/v2\/categories?post=59917"},{"taxonomy":"post_tag","embeddable":true,"href":"https:\/\/progepe.ufpr.br\/portarias\/wp-json\/wp\/v2\/tags?post=59917"}],"curies":[{"name":"wp","href":"https:\/\/api.w.org\/{rel}","templated":true}]}}