{"id":60151,"date":"2020-11-11T05:01:00","date_gmt":"2020-11-11T08:01:00","guid":{"rendered":"http:\/\/progepe.ufpr.br\/portal\/?post_type=portarias&#038;p=60151"},"modified":"2023-08-03T13:20:38","modified_gmt":"2023-08-03T16:20:38","slug":"rt-2020-01460","status":"publish","type":"post","link":"https:\/\/progepe.ufpr.br\/portarias\/rt-2020-01460\/","title":{"rendered":"PORTARIA N\u00ba 01460\/REITORIA, DE 11 DE NOVEMBRO DE 2020"},"content":{"rendered":"\n<p><strong>O Reitor da Universidade Federal do Paran\u00e1, <\/strong>no uso de\nsuas atribui\u00e7\u00f5es e tendo em vista o que consta no processo n\u00ba 23075.055968\/2020-57,<\/p>\n\n\n\n<p>RESOLVE:<\/p>\n\n\n\n<p>I.\nExonerar, a pedido, nos termos do Art. 34 da Lei n\u00ba 8.112\/90, a partir de 05 de\nnovembro de 2020, do Quadro Permanente desta Universidade, o servidor CARLOS EDUARDO REU &#8211; 2365808, ocupante do cargo de Farmac\u00eautico &#8211; Habilita\u00e7\u00e3o, n\u00edvel de\nClassifica\u00e7\u00e3o E, lotado na Se\u00e7\u00e3o de Imunoqu\u00edmica do Hospital de Cl\u00ednicas.<\/p>\n\n\n\n<p>II.\nDeclarar aberta a vaga.<\/p>\n\n\n\n<p style=\"text-align:right\">Ricardo\nMarcelo Fonseca<\/p>\n","protected":false},"excerpt":{"rendered":"<p>I. Exonerar, a pedido, nos termos do Art. 34 da Lei n\u00ba 8.112\/90, a partir de 05 de novembro de 2020, do Quadro Permanente desta Universidade, o servidor CARLOS EDUARDO REU &#8211; 2365808, ocupante do cargo de Farmac\u00eautico &#8211; Habilita\u00e7\u00e3o, n\u00edvel de Classifica\u00e7\u00e3o E, lotado na Se\u00e7\u00e3o de Imunoqu\u00edmica do Hospital de Cl\u00ednicas.  II. Declarar aberta a vaga.  <!-- wp:paragraph {\"align\":\"right\"} \n\n<p style=\"text-align:right\">Ricardo Marcelo Fonseca\n<\/p>\n","protected":false},"author":49,"featured_media":0,"comment_status":"closed","ping_status":"closed","sticky":false,"template":"","format":"standard","meta":{"_acf_changed":false,"iawp_total_views":0,"footnotes":""},"categories":[117],"tags":[122],"class_list":["post-60151","post","type-post","status-publish","format-standard","hentry","category-rt","tag-exoneracao"],"acf":[],"_links":{"self":[{"href":"https:\/\/progepe.ufpr.br\/portarias\/wp-json\/wp\/v2\/posts\/60151","targetHints":{"allow":["GET"]}}],"collection":[{"href":"https:\/\/progepe.ufpr.br\/portarias\/wp-json\/wp\/v2\/posts"}],"about":[{"href":"https:\/\/progepe.ufpr.br\/portarias\/wp-json\/wp\/v2\/types\/post"}],"author":[{"embeddable":true,"href":"https:\/\/progepe.ufpr.br\/portarias\/wp-json\/wp\/v2\/users\/49"}],"replies":[{"embeddable":true,"href":"https:\/\/progepe.ufpr.br\/portarias\/wp-json\/wp\/v2\/comments?post=60151"}],"version-history":[{"count":1,"href":"https:\/\/progepe.ufpr.br\/portarias\/wp-json\/wp\/v2\/posts\/60151\/revisions"}],"predecessor-version":[{"id":196407,"href":"https:\/\/progepe.ufpr.br\/portarias\/wp-json\/wp\/v2\/posts\/60151\/revisions\/196407"}],"wp:attachment":[{"href":"https:\/\/progepe.ufpr.br\/portarias\/wp-json\/wp\/v2\/media?parent=60151"}],"wp:term":[{"taxonomy":"category","embeddable":true,"href":"https:\/\/progepe.ufpr.br\/portarias\/wp-json\/wp\/v2\/categories?post=60151"},{"taxonomy":"post_tag","embeddable":true,"href":"https:\/\/progepe.ufpr.br\/portarias\/wp-json\/wp\/v2\/tags?post=60151"}],"curies":[{"name":"wp","href":"https:\/\/api.w.org\/{rel}","templated":true}]}}