{"id":60191,"date":"2020-11-11T05:02:00","date_gmt":"2020-11-11T08:02:00","guid":{"rendered":"http:\/\/progepe.ufpr.br\/portal\/?post_type=portarias&#038;p=60191"},"modified":"2023-09-26T17:19:55","modified_gmt":"2023-09-26T20:19:55","slug":"rt-2020-01461","status":"publish","type":"post","link":"https:\/\/progepe.ufpr.br\/portarias\/rt-2020-01461\/","title":{"rendered":"PORTARIA N\u00ba 01461\/REITORIA, DE 11 DE NOVEMBRO DE 2020"},"content":{"rendered":"\n<p><strong>O Reitor da Universidade Federal do Paran\u00e1, <\/strong>no uso de suas atribui\u00e7\u00f5es e tendo em vista o que consta no processo n\u00ba 23075.044587\/2020-42,<\/p>\n\n\n\n<p>RESOLVE:<\/p>\n\n\n\n<p>Retificar a Portaria n\u00ba 1.453\/REITORIA, de 05 de novembro de 2020, publicada no DOU de 09.11.2020, Se\u00e7\u00e3o 2, p\u00e1g. 33, referente \u00e0 requisi\u00e7\u00e3o da servidora MAYLA CRISTINA COSTA MARONI SARAIVA &#8211; 1615102, ocupante do cargo de Professora do Magist\u00e9rio Superior, lotada no Departamento de Ci\u00eancias Cont\u00e1beis do Setor de Ci\u00eancias Sociais Aplicadas, para o Minist\u00e9rio da Mulher, da Fam\u00edlia e dos Direitos Humanos &#8211; MMFDH:<\/p>\n\n\n\n<p>Onde se L\u00ea: Art. 2\u00ba . O \u00f4nus pela remunera\u00e7\u00e3o \u00e9 do \u00f3rg\u00e3o cession\u00e1rio.<br>Leia-se: Art. 2\u00ba . O \u00f4nus pela remunera\u00e7\u00e3o \u00e9 do \u00f3rg\u00e3o cedente.<\/p>\n","protected":false},"excerpt":{"rendered":"<p>Retificar a Portaria n\u00ba 1.453\/REITORIA, de 05 de novembro de 2020, publicada no DOU de 09.11.2020, Se\u00e7\u00e3o 2, p\u00e1g. 33, referente \u00e0 requisi\u00e7\u00e3o da servidora MAYLA CRISTINA COSTA MARONI SARAIVA &#8211; 1615102, ocupante do cargo de Professora do Magist\u00e9rio Superior, lotada no Departamento de Ci\u00eancias Cont\u00e1beis do Setor de Ci\u00eancias Sociais Aplicadas, para o Minist\u00e9rio da Mulher, da Fam\u00edlia e dos Direitos Humanos &#8211; MMFDH:  Onde se L\u00ea: Art. 2\u00ba . O \u00f4nus pela remunera\u00e7\u00e3o \u00e9 do \u00f3rg\u00e3o cession\u00e1rio.<br \/>Leia-se: Art. 2\u00ba . O \u00f4nus pela remunera\u00e7\u00e3o \u00e9 do \u00f3rg\u00e3o cedente.<\/p>\n","protected":false},"author":49,"featured_media":0,"comment_status":"closed","ping_status":"closed","sticky":false,"template":"","format":"standard","meta":{"_acf_changed":false,"iawp_total_views":3,"footnotes":""},"categories":[117],"tags":[127],"class_list":["post-60191","post","type-post","status-publish","format-standard","hentry","category-rt","tag-cessao"],"acf":[],"_links":{"self":[{"href":"https:\/\/progepe.ufpr.br\/portarias\/wp-json\/wp\/v2\/posts\/60191","targetHints":{"allow":["GET"]}}],"collection":[{"href":"https:\/\/progepe.ufpr.br\/portarias\/wp-json\/wp\/v2\/posts"}],"about":[{"href":"https:\/\/progepe.ufpr.br\/portarias\/wp-json\/wp\/v2\/types\/post"}],"author":[{"embeddable":true,"href":"https:\/\/progepe.ufpr.br\/portarias\/wp-json\/wp\/v2\/users\/49"}],"replies":[{"embeddable":true,"href":"https:\/\/progepe.ufpr.br\/portarias\/wp-json\/wp\/v2\/comments?post=60191"}],"version-history":[{"count":3,"href":"https:\/\/progepe.ufpr.br\/portarias\/wp-json\/wp\/v2\/posts\/60191\/revisions"}],"predecessor-version":[{"id":252230,"href":"https:\/\/progepe.ufpr.br\/portarias\/wp-json\/wp\/v2\/posts\/60191\/revisions\/252230"}],"wp:attachment":[{"href":"https:\/\/progepe.ufpr.br\/portarias\/wp-json\/wp\/v2\/media?parent=60191"}],"wp:term":[{"taxonomy":"category","embeddable":true,"href":"https:\/\/progepe.ufpr.br\/portarias\/wp-json\/wp\/v2\/categories?post=60191"},{"taxonomy":"post_tag","embeddable":true,"href":"https:\/\/progepe.ufpr.br\/portarias\/wp-json\/wp\/v2\/tags?post=60191"}],"curies":[{"name":"wp","href":"https:\/\/api.w.org\/{rel}","templated":true}]}}