{"id":60213,"date":"2020-11-13T05:07:00","date_gmt":"2020-11-13T08:07:00","guid":{"rendered":"http:\/\/progepe.ufpr.br\/portal\/?post_type=portarias&#038;p=60213"},"modified":"2023-08-03T13:20:39","modified_gmt":"2023-08-03T16:20:39","slug":"rt-2020-01472","status":"publish","type":"post","link":"https:\/\/progepe.ufpr.br\/portarias\/rt-2020-01472\/","title":{"rendered":"PORTARIA N\u00ba 01472\/REITORIA, DE 13 DE NOVEMBRO DE 2020"},"content":{"rendered":"\n<p><strong>O\nReitor da Universidade Federal do Paran\u00e1, <\/strong>no uso de suas atribui\u00e7\u00f5es e tendo em\nvista o que consta no processo n\u00ba 23075.042457\/2020-75,<\/p>\n\n\n\n<p>RESOLVE:<\/p>\n\n\n\n<p>I. Conceder licen\u00e7a para prestar colabora\u00e7\u00e3o t\u00e9cnica, prevista no\nArt.26-A da Lei n\u00ba 11.091\/2005, junto ao Instituto Federal de Educa\u00e7\u00e3o, Ci\u00eancia\ne Tecnologia do Paran\u00e1 &#8211; Campus Uni\u00e3o da Vit\u00f3ria, com remunera\u00e7\u00e3o, pelo per\u00edodo\nde 02 (dois) anos, a partir 18 de novembro de 2020, para a servidora FRANCIANE\nCORTELLINI DE ALMEIDA &#8211; 1952858, ocupante do cargo de Secret\u00e1ria Executiva, lotada na Se\u00e7\u00e3o de Gest\u00e3o\nAcad\u00eamica da Gradua\u00e7\u00e3o da Coordenadoria de Gest\u00e3o Acad\u00eamica do Setor Litoral.<\/p>\n\n\n\n<p>II. Fica sob a\nresponsabilidade do Instituto Federal de Educa\u00e7\u00e3o, Ci\u00eancia e Tecnologia do\nParan\u00e1,\no encaminhamento da frequ\u00eancia, da citada servidora, at\u00e9 o 5\u00b0 (quinto) dia \u00fatil\nde cada m\u00eas, junto a esta Institui\u00e7\u00e3o.<\/p>\n\n\n\n<p style=\"text-align:right\">Ricardo Marcelo Fonseca<\/p>\n","protected":false},"excerpt":{"rendered":"<p>I. Conceder licen\u00e7a para prestar colabora\u00e7\u00e3o t\u00e9cnica, prevista no Art.26-A da Lei n\u00ba 11.091\/2005, junto ao Instituto Federal de Educa\u00e7\u00e3o, Ci\u00eancia e Tecnologia do Paran\u00e1 &#8211; Campus Uni\u00e3o da Vit\u00f3ria, com remunera\u00e7\u00e3o, pelo per\u00edodo de 02 (dois) anos, a partir 18 de novembro de 2020, para a servidora FRANCIANE CORTELLINI DE ALMEIDA &#8211; 1952858, ocupante do cargo de Secret\u00e1ria Executiva, lotada na Se\u00e7\u00e3o de Gest\u00e3o Acad\u00eamica da Gradua\u00e7\u00e3o da Coordenadoria de Gest\u00e3o Acad\u00eamica do Setor Litoral.  II. Fica sob a responsabilidade do Instituto Federal de Educa\u00e7\u00e3o, Ci\u00eancia e Tecnologia do Paran\u00e1, o encaminhamento da frequ\u00eancia, da citada<\/p>\n","protected":false},"author":49,"featured_media":0,"comment_status":"closed","ping_status":"closed","sticky":false,"template":"","format":"standard","meta":{"_acf_changed":false,"iawp_total_views":36,"footnotes":""},"categories":[117],"tags":[123],"class_list":["post-60213","post","type-post","status-publish","format-standard","hentry","category-rt","tag-afastamento-licenca"],"acf":[],"_links":{"self":[{"href":"https:\/\/progepe.ufpr.br\/portarias\/wp-json\/wp\/v2\/posts\/60213","targetHints":{"allow":["GET"]}}],"collection":[{"href":"https:\/\/progepe.ufpr.br\/portarias\/wp-json\/wp\/v2\/posts"}],"about":[{"href":"https:\/\/progepe.ufpr.br\/portarias\/wp-json\/wp\/v2\/types\/post"}],"author":[{"embeddable":true,"href":"https:\/\/progepe.ufpr.br\/portarias\/wp-json\/wp\/v2\/users\/49"}],"replies":[{"embeddable":true,"href":"https:\/\/progepe.ufpr.br\/portarias\/wp-json\/wp\/v2\/comments?post=60213"}],"version-history":[{"count":1,"href":"https:\/\/progepe.ufpr.br\/portarias\/wp-json\/wp\/v2\/posts\/60213\/revisions"}],"predecessor-version":[{"id":196415,"href":"https:\/\/progepe.ufpr.br\/portarias\/wp-json\/wp\/v2\/posts\/60213\/revisions\/196415"}],"wp:attachment":[{"href":"https:\/\/progepe.ufpr.br\/portarias\/wp-json\/wp\/v2\/media?parent=60213"}],"wp:term":[{"taxonomy":"category","embeddable":true,"href":"https:\/\/progepe.ufpr.br\/portarias\/wp-json\/wp\/v2\/categories?post=60213"},{"taxonomy":"post_tag","embeddable":true,"href":"https:\/\/progepe.ufpr.br\/portarias\/wp-json\/wp\/v2\/tags?post=60213"}],"curies":[{"name":"wp","href":"https:\/\/api.w.org\/{rel}","templated":true}]}}