{"id":60221,"date":"2020-11-16T05:07:00","date_gmt":"2020-11-16T08:07:00","guid":{"rendered":"http:\/\/progepe.ufpr.br\/portal\/?post_type=portarias&#038;p=60221"},"modified":"2023-08-03T13:20:40","modified_gmt":"2023-08-03T16:20:40","slug":"rt-2020-01480","status":"publish","type":"post","link":"https:\/\/progepe.ufpr.br\/portarias\/rt-2020-01480\/","title":{"rendered":"PORTARIA N\u00ba 01480\/REITORIA, DE 16 DE NOVEMBRO DE 2020"},"content":{"rendered":"\n<p><strong>O\nReitor da Universidade Federal do Paran\u00e1, <\/strong>no uso de suas atribui\u00e7\u00f5es e tendo em\nvista o que consta no processo n\u00ba 23075.042806\/2020-59,<\/p>\n\n\n\n<p>RESOLVE:<\/p>\n\n\n\n<p>Exonerar, a pedido, a partir de 16 de novembro de 2020, a\nservidora FRANCIANE CORTELLINI DE ALMEIDA &#8211; 1952858, Secret\u00e1ria Executiva,\nlotada na Se\u00e7\u00e3o de Gest\u00e3o Acad\u00eamica da Gradua\u00e7\u00e3o da Coordenadoria de Gest\u00e3o\nAcad\u00eamica do Setor Litoral, no regime de trabalho de 40 (quarenta) horas\nsemanais, da Fun\u00e7\u00e3o Gratificada, FG-3, de Chefe da Se\u00e7\u00e3o de Gest\u00e3o Acad\u00eamica da\nGradua\u00e7\u00e3o da Coordenadoria de Gest\u00e3o Acad\u00eamica do Setor Litoral.<\/p>\n\n\n\n<p style=\"text-align:right\">Ricardo Marcelo\nFonseca<\/p>\n","protected":false},"excerpt":{"rendered":"<p>Exonerar, a pedido, a partir de 16 de novembro de 2020, a servidora FRANCIANE CORTELLINI DE ALMEIDA &#8211; 1952858, Secret\u00e1ria Executiva, lotada na Se\u00e7\u00e3o de Gest\u00e3o Acad\u00eamica da Gradua\u00e7\u00e3o da Coordenadoria de Gest\u00e3o Acad\u00eamica do Setor Litoral, no regime de trabalho de 40 (quarenta) horas semanais, da Fun\u00e7\u00e3o Gratificada, FG-3, de Chefe da Se\u00e7\u00e3o de Gest\u00e3o Acad\u00eamica da Gradua\u00e7\u00e3o da Coordenadoria de Gest\u00e3o Acad\u00eamica do Setor Litoral.  <!-- wp:paragraph {\"align\":\"right\"} \n\n<p style=\"text-align:right\">Ricardo Marcelo Fonseca\n<\/p>\n","protected":false},"author":49,"featured_media":0,"comment_status":"closed","ping_status":"closed","sticky":false,"template":"","format":"standard","meta":{"_acf_changed":false,"iawp_total_views":2,"footnotes":""},"categories":[117],"tags":[120],"class_list":["post-60221","post","type-post","status-publish","format-standard","hentry","category-rt","tag-funcao"],"acf":[],"_links":{"self":[{"href":"https:\/\/progepe.ufpr.br\/portarias\/wp-json\/wp\/v2\/posts\/60221","targetHints":{"allow":["GET"]}}],"collection":[{"href":"https:\/\/progepe.ufpr.br\/portarias\/wp-json\/wp\/v2\/posts"}],"about":[{"href":"https:\/\/progepe.ufpr.br\/portarias\/wp-json\/wp\/v2\/types\/post"}],"author":[{"embeddable":true,"href":"https:\/\/progepe.ufpr.br\/portarias\/wp-json\/wp\/v2\/users\/49"}],"replies":[{"embeddable":true,"href":"https:\/\/progepe.ufpr.br\/portarias\/wp-json\/wp\/v2\/comments?post=60221"}],"version-history":[{"count":1,"href":"https:\/\/progepe.ufpr.br\/portarias\/wp-json\/wp\/v2\/posts\/60221\/revisions"}],"predecessor-version":[{"id":196417,"href":"https:\/\/progepe.ufpr.br\/portarias\/wp-json\/wp\/v2\/posts\/60221\/revisions\/196417"}],"wp:attachment":[{"href":"https:\/\/progepe.ufpr.br\/portarias\/wp-json\/wp\/v2\/media?parent=60221"}],"wp:term":[{"taxonomy":"category","embeddable":true,"href":"https:\/\/progepe.ufpr.br\/portarias\/wp-json\/wp\/v2\/categories?post=60221"},{"taxonomy":"post_tag","embeddable":true,"href":"https:\/\/progepe.ufpr.br\/portarias\/wp-json\/wp\/v2\/tags?post=60221"}],"curies":[{"name":"wp","href":"https:\/\/api.w.org\/{rel}","templated":true}]}}