{"id":60224,"date":"2020-11-17T05:00:00","date_gmt":"2020-11-17T08:00:00","guid":{"rendered":"http:\/\/progepe.ufpr.br\/portal\/?post_type=portarias&#038;p=60224"},"modified":"2023-08-03T13:20:40","modified_gmt":"2023-08-03T16:20:40","slug":"rt-2020-01481","status":"publish","type":"post","link":"https:\/\/progepe.ufpr.br\/portarias\/rt-2020-01481\/","title":{"rendered":"PORTARIA N\u00ba 01481\/REITORIA, DE 17 DE NOVEMBRO DE 2020"},"content":{"rendered":"\n<p><strong>O\nReitor da Universidade Federal do Paran\u00e1, <\/strong>no uso de suas atribui\u00e7\u00f5es e tendo em\nvista o que consta no processo n\u00ba 23075.062967\/2020-69,<\/p>\n\n\n\n<p>RESOLVE:<\/p>\n\n\n\n<p>Exonerar, a partir de 13 de novembro de 2020, a servidora\nLAUREN MACHADO PINTO &#8211; 3758632, Professora do Magist\u00e9rio Superior, lotada no\nDepartamento de Terapia Ocupacional do Setor de Ci\u00eancias da Sa\u00fade, no regime de\ntrabalho de dedica\u00e7\u00e3o exclusiva, da Fun\u00e7\u00e3o Gratificada, FG-1, de Chefe da\nUnidade de Apoio Psicossocial da Coordenadoria de Assist\u00eancia Estudantil da\nPr\u00f3-Reitoria de Assuntos Estudantis.<\/p>\n\n\n\n<p style=\"text-align:right\">Ricardo Marcelo\nFonseca<\/p>\n","protected":false},"excerpt":{"rendered":"<p>Exonerar, a partir de 13 de novembro de 2020, a servidora LAUREN MACHADO PINTO &#8211; 3758632, Professora do Magist\u00e9rio Superior, lotada no Departamento de Terapia Ocupacional do Setor de Ci\u00eancias da Sa\u00fade, no regime de trabalho de dedica\u00e7\u00e3o exclusiva, da Fun\u00e7\u00e3o Gratificada, FG-1, de Chefe da Unidade de Apoio Psicossocial da Coordenadoria de Assist\u00eancia Estudantil da Pr\u00f3-Reitoria de Assuntos Estudantis.  <!-- wp:paragraph {\"align\":\"right\"} \n\n<p style=\"text-align:right\">Ricardo Marcelo Fonseca\n<\/p>\n","protected":false},"author":49,"featured_media":0,"comment_status":"closed","ping_status":"closed","sticky":false,"template":"","format":"standard","meta":{"_acf_changed":false,"iawp_total_views":0,"footnotes":""},"categories":[117],"tags":[120],"class_list":["post-60224","post","type-post","status-publish","format-standard","hentry","category-rt","tag-funcao"],"acf":[],"_links":{"self":[{"href":"https:\/\/progepe.ufpr.br\/portarias\/wp-json\/wp\/v2\/posts\/60224","targetHints":{"allow":["GET"]}}],"collection":[{"href":"https:\/\/progepe.ufpr.br\/portarias\/wp-json\/wp\/v2\/posts"}],"about":[{"href":"https:\/\/progepe.ufpr.br\/portarias\/wp-json\/wp\/v2\/types\/post"}],"author":[{"embeddable":true,"href":"https:\/\/progepe.ufpr.br\/portarias\/wp-json\/wp\/v2\/users\/49"}],"replies":[{"embeddable":true,"href":"https:\/\/progepe.ufpr.br\/portarias\/wp-json\/wp\/v2\/comments?post=60224"}],"version-history":[{"count":1,"href":"https:\/\/progepe.ufpr.br\/portarias\/wp-json\/wp\/v2\/posts\/60224\/revisions"}],"predecessor-version":[{"id":196418,"href":"https:\/\/progepe.ufpr.br\/portarias\/wp-json\/wp\/v2\/posts\/60224\/revisions\/196418"}],"wp:attachment":[{"href":"https:\/\/progepe.ufpr.br\/portarias\/wp-json\/wp\/v2\/media?parent=60224"}],"wp:term":[{"taxonomy":"category","embeddable":true,"href":"https:\/\/progepe.ufpr.br\/portarias\/wp-json\/wp\/v2\/categories?post=60224"},{"taxonomy":"post_tag","embeddable":true,"href":"https:\/\/progepe.ufpr.br\/portarias\/wp-json\/wp\/v2\/tags?post=60224"}],"curies":[{"name":"wp","href":"https:\/\/api.w.org\/{rel}","templated":true}]}}