{"id":60309,"date":"2020-11-19T10:13:00","date_gmt":"2020-11-19T13:13:00","guid":{"rendered":"http:\/\/progepe.ufpr.br\/portal\/?post_type=portarias&#038;p=60309"},"modified":"2024-05-22T10:47:42","modified_gmt":"2024-05-22T13:47:42","slug":"progepe-2020-03272","status":"publish","type":"post","link":"https:\/\/progepe.ufpr.br\/portarias\/progepe-2020-03272\/","title":{"rendered":"PORTARIA N\u00ba 03272\/PROGEPE, DE 19 DE NOVEMBRO DE 2020"},"content":{"rendered":"\n<p style=\"padding-left:43%\">O Pr\u00f3-Reitor de Gest\u00e3o de Pessoas da Universidade Federal do Paran\u00e1, no uso de suas atribui\u00e7\u00f5es, tendo em vista a compet\u00eancia que lhe \u00e9 conferida pela Portaria n\u00ba 2.590, de 26 de setembro de 1997, considerando o que consta na Resolu\u00e7\u00e3o n\u00ba 10\/2014-CEPE, e ainda o que consta no processo 23075.063014\/2020-18,<\/p>\n\n\n\n<p style=\"padding-left:43%\"><strong>RESOLVE:<\/strong><\/p>\n\n\n\n<p>Conceder retribui\u00e7\u00e3o por titula\u00e7\u00e3o, de acordo com o Artigo 16 da Lei n\u00ba 12.772\/12, \u00e0 servidora CAMILA KLOCKER COSTA &#8211; 1625995, lotada no Departamento de Farm\u00e1cia do Setor de Ci\u00eancias da Sa\u00fade, ocupante do cargo de Professor do Magist\u00e9rio Superior, a partir de 12 de novembro de 2020, tendo em vista ter obtido o t\u00edtulo de Doutor em Ci\u00eancias Farmac\u00eauticas.<\/p>\n","protected":false},"excerpt":{"rendered":"<p>Conceder retribui\u00e7\u00e3o por titula\u00e7\u00e3o, de acordo com o Artigo 16 da Lei n\u00ba 12.772\/12, \u00e0 servidora CAMILA KLOCKER COSTA &#8211; 1625995, lotada no Departamento de Farm\u00e1cia do Setor de Ci\u00eancias da Sa\u00fade, ocupante do cargo de Professor do Magist\u00e9rio Superior, a partir de 12 de novembro de 2020, tendo em vista ter obtido o t\u00edtulo de Doutor em Ci\u00eancias Farmac\u00eauticas.<\/p>\n","protected":false},"author":48,"featured_media":0,"comment_status":"closed","ping_status":"closed","sticky":false,"template":"","format":"standard","meta":{"_acf_changed":false,"iawp_total_views":2,"footnotes":""},"categories":[116],"tags":[147],"class_list":["post-60309","post","type-post","status-publish","format-standard","hentry","category-progepe","tag-retribuicao-titulacao"],"acf":[],"_links":{"self":[{"href":"https:\/\/progepe.ufpr.br\/portarias\/wp-json\/wp\/v2\/posts\/60309","targetHints":{"allow":["GET"]}}],"collection":[{"href":"https:\/\/progepe.ufpr.br\/portarias\/wp-json\/wp\/v2\/posts"}],"about":[{"href":"https:\/\/progepe.ufpr.br\/portarias\/wp-json\/wp\/v2\/types\/post"}],"author":[{"embeddable":true,"href":"https:\/\/progepe.ufpr.br\/portarias\/wp-json\/wp\/v2\/users\/48"}],"replies":[{"embeddable":true,"href":"https:\/\/progepe.ufpr.br\/portarias\/wp-json\/wp\/v2\/comments?post=60309"}],"version-history":[{"count":2,"href":"https:\/\/progepe.ufpr.br\/portarias\/wp-json\/wp\/v2\/posts\/60309\/revisions"}],"predecessor-version":[{"id":255854,"href":"https:\/\/progepe.ufpr.br\/portarias\/wp-json\/wp\/v2\/posts\/60309\/revisions\/255854"}],"wp:attachment":[{"href":"https:\/\/progepe.ufpr.br\/portarias\/wp-json\/wp\/v2\/media?parent=60309"}],"wp:term":[{"taxonomy":"category","embeddable":true,"href":"https:\/\/progepe.ufpr.br\/portarias\/wp-json\/wp\/v2\/categories?post=60309"},{"taxonomy":"post_tag","embeddable":true,"href":"https:\/\/progepe.ufpr.br\/portarias\/wp-json\/wp\/v2\/tags?post=60309"}],"curies":[{"name":"wp","href":"https:\/\/api.w.org\/{rel}","templated":true}]}}